{"id":5063,"date":"2025-08-13T12:50:02","date_gmt":"2025-08-13T11:50:02","guid":{"rendered":"https:\/\/www.volksschule-arnschwang.de\/?p=5063"},"modified":"2025-08-13T12:52:41","modified_gmt":"2025-08-13T11:52:41","slug":"schulschlussgottesdienst-und-verabschiedung-der-viertklassler-an-der-gs-arnschwang","status":"publish","type":"post","link":"https:\/\/www.volksschule-arnschwang.de\/?p=5063","title":{"rendered":"Schulschlussgottesdienst und Verabschiedung der Viertkl\u00e4ssler an der GS Arnschwang"},"content":{"rendered":"\n<p class=\"wp-block-paragraph\">Mit Freude aber auch mit Wehmut versammelte sich die Schulfamilie der Grundschule Arnschwang in der Kirche St. Martin, um gemeinsam den Schulschluss zu feiern und die Viertkl\u00e4ssler zu verabschieden. Frau Perlinger las eine Geschichte vor, in welcher der Gro\u00dfvater ein S\u00e4ckchen mit Edelsteinen weitergibt. Diese Steine stehen f\u00fcr viele sch\u00f6ne Momente des Lebens, an die er sich t\u00e4glich am Ende des Tages erinnert hat. Das Kind nahm am Abend das S\u00e4ckchen zur Hand und war erstaunt, wie viele solcher Momente es im Laufe des Tages erlebt hat. Die Religionslehrerin Claudia Preischl griff in ihrer Ansprache die Geschichte auf und verkn\u00fcpfe sie mit dem Evangelium, das die Bergpredigt zum Inhalt hatte. Das am h\u00e4ufigsten vorkommende Wort war \u201eselig\u201c. \u201eSelig sind wir, wenn wir Frieden stiften, sich f\u00fcr andere einsetzen,\u2026 Dann sind wir dem Himmel nahe. Jesus verspricht uns, immer f\u00fcr uns da zu sein.\u201c, so Claudia Preischl. Sie hoffe, dass die Viertkl\u00e4ssler w\u00e4hrend ihrer Grundschulzeit ihre S\u00e4ckchen gut gef\u00fcllt h\u00e4tten.<\/p>\n\n\n\n<p class=\"wp-block-paragraph\">Zum Ende des Gottesdienstes ergriff Schulleiter Hubert Lauerer das Wort. Es sei seine traurige Pflicht, zwei Kolleginnen zu verabschieden. Laura Sperlich war ein Jahr an der Schule. Sie hat mit viel Geschick und Gesp\u00fcr die 3. Klasse gef\u00fchrt und ihre 2. Lehramtspr\u00fcfung mit gro\u00dfem Erfolg absolviert. Hubert Lauerer bedankte sich f\u00fcr die geleistete Arbeit und w\u00fcnschte ihr f\u00fcr ihren weiteren Lebensweg alles Gute.<\/p>\n\n\n\n<p class=\"wp-block-paragraph\">Auch Margarete Grass muss nach 14 Jahren die Grundschule Arnschwang verlassen und kehrt ins \u201eMutterhaus\u201c nach Cham zur\u00fcck. Ihr sei es zu verdanken, dass die Kooperation mit St. Gunther so erfolgreich und f\u00fcr alle Seiten so gewinnbringend war. Frau Grass ist Teil des Kollegiums geworden und es sei nicht vorstellbar, dass sie nicht mehr an der Arnschwanger Schule sein wird. Auch ihr w\u00fcnschte Lauerer f\u00fcr die Zukunft alles erdenklich Gute.<\/p>\n\n\n\n<p class=\"wp-block-paragraph\">Seine Viertkl\u00e4ssler verabschiedete der Schulleiter mit einem Vergleich. Nachdem diese letzte Woche der Schule einen Apfelbaum geschenkt haben, verglich er sie mit einem Apfelbaum und die Sch\u00fcler mit \u00c4pfeln. Es war Frau Hartl, die das B\u00e4umchen am Anfang gehegt, gegossen und gepflegt hat. Erste Bl\u00fcten sind aufgegangen. Dann hat Frau Rauscher die Pflege \u00fcbernommen. Aus dem B\u00e4umchen wurde ein kleiner Baum. Erste Fr\u00fcchte waren zu erkennen. In de vierte Klasse k\u00fcmmerten sich haupts\u00e4chlich Frau M\u00fcnch und Herr Lauerer um den Baum, der in der Zwischenzeit gro\u00df und stattlich geworden war. Es entstand ein Baum mit einzigartigen Fr\u00fcchten. Sozial, hilfsbereit, kommunikativ \u2013 eine starke Klassengemeinschaft, die nun weiterziehen muss. Die Fr\u00fcchte werden in ganz verschiedene Richtungen wachsen, doch die Wurzeln , die die Kinder hier geschlagen haben, bleiben bestehen. Die Abschiedsworte waren: \u201eMacht\u2019s es guat, liebe Apfelbutzen \u2013 und danke f\u00fcr vier besondere Jahre\u201c. Abschlie\u00dfend bedankte sich der Schulleiter auch beim Elternbeirat, Koni Bachl-Adler, Jana Havel, Pfarrer Joseph Kata und Karin B\u00fccherl f\u00fcr die gute Zusammenarbeit.<\/p>\n\n\n\n<p class=\"wp-block-paragraph\">Als Vertreterin der Elternschaft bedankte sich Martina Bauer bei der gesamten Lehrerschaft f\u00fcr das Unterrichten, Fordern und F\u00f6rdern ihrer Kinder. Auch die Eltern h\u00e4tten ihren Teil zum Erfolg beigetragen, indem sie die Hausaufgaben \u00fcberwachten, tr\u00f6steten und sich bei Erfolgen mitgefreuten. \u201eWir sind so stolz auf euch und w\u00fcnschen euch alles Gute auf euerem weiteren Weg,\u201c so Frau Bauer. Anschlie\u00dfend erhielt jedes Kind und jede Lehrkraft ein kleines Geschenk.<br \/>Pfarrer Joseph Kata spendete jedem Viertkl\u00e4ssler den Einzelsegen und Frau Preischl \u00fcbergab bezugnehmend auf die Geschichte und ihre Ansprache an jedes Kind ein S\u00e4ckchen mit Edelsteinen. Am Schluss rockte Frau Hartl mit der 4. Klasse mit dem Lied \u201eEin Hoch auf uns\u201c von Andrea Bourani den Kirchenraum. Musikalisch gestaltet wurde der Gottesdienst vom Schulchor unter der Leitung von Koni Bachl-Adler und Jana Havel am E-Piano.<\/p>\n\n\n\n<figure class=\"wp-block-image size-large\"><a href=\"https:\/\/www.volksschule-arnschwang.de\/wp-content\/uploads\/IMG_5856.jpeg\"><img loading=\"lazy\" decoding=\"async\" width=\"683\" height=\"1024\" src=\"https:\/\/www.volksschule-arnschwang.de\/wp-content\/uploads\/IMG_5856-683x1024.jpeg\" alt=\"\" class=\"wp-image-5069\" srcset=\"https:\/\/www.volksschule-arnschwang.de\/wp-content\/uploads\/IMG_5856-683x1024.jpeg 683w, https:\/\/www.volksschule-arnschwang.de\/wp-content\/uploads\/IMG_5856-200x300.jpeg 200w, https:\/\/www.volksschule-arnschwang.de\/wp-content\/uploads\/IMG_5856-768x1152.jpeg 768w, https:\/\/www.volksschule-arnschwang.de\/wp-content\/uploads\/IMG_5856.jpeg 800w\" sizes=\"auto, (max-width: 683px) 100vw, 683px\" \/><\/a><\/figure>\n\n\n\n<figure class=\"wp-block-gallery has-nested-images columns-default is-cropped wp-block-gallery-1 is-layout-flex wp-block-gallery-is-layout-flex\">\n<figure class=\"wp-block-image size-large\"><a href=\"https:\/\/www.volksschule-arnschwang.de\/wp-content\/uploads\/IMG_5858.jpeg\"><img loading=\"lazy\" decoding=\"async\" width=\"800\" height=\"533\" data-id=\"5065\" src=\"https:\/\/www.volksschule-arnschwang.de\/wp-content\/uploads\/IMG_5858.jpeg\" alt=\"\" class=\"wp-image-5065\" srcset=\"https:\/\/www.volksschule-arnschwang.de\/wp-content\/uploads\/IMG_5858.jpeg 800w, https:\/\/www.volksschule-arnschwang.de\/wp-content\/uploads\/IMG_5858-300x200.jpeg 300w, https:\/\/www.volksschule-arnschwang.de\/wp-content\/uploads\/IMG_5858-768x512.jpeg 768w, https:\/\/www.volksschule-arnschwang.de\/wp-content\/uploads\/IMG_5858-450x300.jpeg 450w\" sizes=\"auto, (max-width: 800px) 100vw, 800px\" \/><\/a><\/figure>\n\n\n\n<figure class=\"wp-block-image size-large\"><a href=\"https:\/\/www.volksschule-arnschwang.de\/wp-content\/uploads\/IMG_5857.jpeg\"><img loading=\"lazy\" decoding=\"async\" width=\"800\" height=\"533\" data-id=\"5066\" src=\"https:\/\/www.volksschule-arnschwang.de\/wp-content\/uploads\/IMG_5857.jpeg\" alt=\"\" class=\"wp-image-5066\" srcset=\"https:\/\/www.volksschule-arnschwang.de\/wp-content\/uploads\/IMG_5857.jpeg 800w, https:\/\/www.volksschule-arnschwang.de\/wp-content\/uploads\/IMG_5857-300x200.jpeg 300w, https:\/\/www.volksschule-arnschwang.de\/wp-content\/uploads\/IMG_5857-768x512.jpeg 768w, https:\/\/www.volksschule-arnschwang.de\/wp-content\/uploads\/IMG_5857-450x300.jpeg 450w\" sizes=\"auto, (max-width: 800px) 100vw, 800px\" \/><\/a><\/figure>\n\n\n\n<figure class=\"wp-block-image size-large\"><a href=\"https:\/\/www.volksschule-arnschwang.de\/wp-content\/uploads\/IMG_5859.jpeg\"><img loading=\"lazy\" decoding=\"async\" width=\"800\" height=\"533\" data-id=\"5067\" src=\"https:\/\/www.volksschule-arnschwang.de\/wp-content\/uploads\/IMG_5859.jpeg\" alt=\"\" class=\"wp-image-5067\" srcset=\"https:\/\/www.volksschule-arnschwang.de\/wp-content\/uploads\/IMG_5859.jpeg 800w, https:\/\/www.volksschule-arnschwang.de\/wp-content\/uploads\/IMG_5859-300x200.jpeg 300w, https:\/\/www.volksschule-arnschwang.de\/wp-content\/uploads\/IMG_5859-768x512.jpeg 768w, https:\/\/www.volksschule-arnschwang.de\/wp-content\/uploads\/IMG_5859-450x300.jpeg 450w\" sizes=\"auto, (max-width: 800px) 100vw, 800px\" \/><\/a><\/figure>\n\n\n\n<figure class=\"wp-block-image size-large\"><a href=\"https:\/\/www.volksschule-arnschwang.de\/wp-content\/uploads\/IMG_5860.jpeg\"><img loading=\"lazy\" decoding=\"async\" width=\"800\" height=\"533\" data-id=\"5068\" src=\"https:\/\/www.volksschule-arnschwang.de\/wp-content\/uploads\/IMG_5860.jpeg\" alt=\"\" class=\"wp-image-5068\" srcset=\"https:\/\/www.volksschule-arnschwang.de\/wp-content\/uploads\/IMG_5860.jpeg 800w, https:\/\/www.volksschule-arnschwang.de\/wp-content\/uploads\/IMG_5860-300x200.jpeg 300w, https:\/\/www.volksschule-arnschwang.de\/wp-content\/uploads\/IMG_5860-768x512.jpeg 768w, https:\/\/www.volksschule-arnschwang.de\/wp-content\/uploads\/IMG_5860-450x300.jpeg 450w\" sizes=\"auto, (max-width: 800px) 100vw, 800px\" \/><\/a><\/figure>\n\n\n\n<figure class=\"wp-block-image size-large\"><a href=\"https:\/\/www.volksschule-arnschwang.de\/wp-content\/uploads\/IMG_5861.jpeg\"><img loading=\"lazy\" decoding=\"async\" width=\"800\" height=\"533\" data-id=\"5070\" src=\"https:\/\/www.volksschule-arnschwang.de\/wp-content\/uploads\/IMG_5861.jpeg\" alt=\"\" class=\"wp-image-5070\" srcset=\"https:\/\/www.volksschule-arnschwang.de\/wp-content\/uploads\/IMG_5861.jpeg 800w, https:\/\/www.volksschule-arnschwang.de\/wp-content\/uploads\/IMG_5861-300x200.jpeg 300w, https:\/\/www.volksschule-arnschwang.de\/wp-content\/uploads\/IMG_5861-768x512.jpeg 768w, https:\/\/www.volksschule-arnschwang.de\/wp-content\/uploads\/IMG_5861-450x300.jpeg 450w\" sizes=\"auto, (max-width: 800px) 100vw, 800px\" \/><\/a><\/figure>\n<\/figure>\n","protected":false},"excerpt":{"rendered":"<p>Mit Freude aber auch mit Wehmut versammelte sich die Schulfamilie der Grundschule Arnschwang in der Kirche St. Martin, um gemeinsam den Schulschluss zu feiern und die Viertkl\u00e4ssler zu verabschieden. Frau Perlinger las eine Geschichte vor, in welcher der Gro\u00dfvater ein &hellip; <a href=\"https:\/\/www.volksschule-arnschwang.de\/?p=5063\">Weiterlesen <span class=\"meta-nav\">&rarr;<\/span><\/a><\/p>\n","protected":false},"author":4,"featured_media":0,"comment_status":"closed","ping_status":"closed","sticky":false,"template":"","format":"standard","meta":{"_crdt_document":"","footnotes":""},"categories":[52],"tags":[],"class_list":["post-5063","post","type-post","status-publish","format-standard","hentry","category-berichte-2024-2025"],"publishpress_future_action":{"enabled":false,"date":"2026-05-06 20:49:26","action":"Draft","newStatus":"draft","terms":[],"taxonomy":"category","extraData":[]},"publishpress_future_workflow_manual_trigger":{"enabledWorkflows":[]},"_links":{"self":[{"href":"https:\/\/www.volksschule-arnschwang.de\/index.php?rest_route=\/wp\/v2\/posts\/5063","targetHints":{"allow":["GET"]}}],"collection":[{"href":"https:\/\/www.volksschule-arnschwang.de\/index.php?rest_route=\/wp\/v2\/posts"}],"about":[{"href":"https:\/\/www.volksschule-arnschwang.de\/index.php?rest_route=\/wp\/v2\/types\/post"}],"author":[{"embeddable":true,"href":"https:\/\/www.volksschule-arnschwang.de\/index.php?rest_route=\/wp\/v2\/users\/4"}],"replies":[{"embeddable":true,"href":"https:\/\/www.volksschule-arnschwang.de\/index.php?rest_route=%2Fwp%2Fv2%2Fcomments&post=5063"}],"version-history":[{"count":3,"href":"https:\/\/www.volksschule-arnschwang.de\/index.php?rest_route=\/wp\/v2\/posts\/5063\/revisions"}],"predecessor-version":[{"id":5072,"href":"https:\/\/www.volksschule-arnschwang.de\/index.php?rest_route=\/wp\/v2\/posts\/5063\/revisions\/5072"}],"wp:attachment":[{"href":"https:\/\/www.volksschule-arnschwang.de\/index.php?rest_route=%2Fwp%2Fv2%2Fmedia&parent=5063"}],"wp:term":[{"taxonomy":"category","embeddable":true,"href":"https:\/\/www.volksschule-arnschwang.de\/index.php?rest_route=%2Fwp%2Fv2%2Fcategories&post=5063"},{"taxonomy":"post_tag","embeddable":true,"href":"https:\/\/www.volksschule-arnschwang.de\/index.php?rest_route=%2Fwp%2Fv2%2Ftags&post=5063"}],"curies":[{"name":"wp","href":"https:\/\/api.w.org\/{rel}","templated":true}]}}