{"id":5050,"date":"2025-07-24T11:33:25","date_gmt":"2025-07-24T10:33:25","guid":{"rendered":"https:\/\/www.volksschule-arnschwang.de\/?p=5050"},"modified":"2025-07-24T11:33:25","modified_gmt":"2025-07-24T10:33:25","slug":"grundschule-arnschwang-spendet-fuer-lbv","status":"publish","type":"post","link":"https:\/\/www.volksschule-arnschwang.de\/?p=5050","title":{"rendered":"Grundschule Arnschwang spendet f\u00fcr LBV"},"content":{"rendered":"\n<p class=\"wp-block-paragraph\">Auch in diesem Schuljahr beteiligte sich die Grundschule Arnschwang wieder an der LBV-Sammelaktion. Aus diesem Grund war vor einigen Tagen Monika Kerner vom LBV-Zentrum N\u00f6\u00dfwartling an die Schule gekommen, um sich bei den Kindern f\u00fcr den gesammelten Betrag von 500 \u20ac zu bedanken.<\/p>\n\n\n\n<p class=\"wp-block-paragraph\">Frau Kerner erkl\u00e4rte, dass die Spendenaktionen sehr wertvoll seien, da mit diesem Geld neue Grundst\u00fccke f\u00fcr den Naturschutz angekauft werden k\u00f6nnten. Sie freute sich \u00fcber die langj\u00e4hrige Zusammenarbeit mit der Arnschwanger Grundschule und \u00fcberreichte an Schulleiter Hubert Lauerer die Plakette \u201ePartner im Naturschutz\u201c. Alle flei\u00dfigen Sammler bekamen ein kleines Geschenk.<\/p>\n\n\n\n<figure class=\"wp-block-gallery has-nested-images columns-default is-cropped wp-block-gallery-1 is-layout-flex wp-block-gallery-is-layout-flex\">\n<figure class=\"wp-block-image size-large\"><a href=\"https:\/\/www.volksschule-arnschwang.de\/wp-content\/uploads\/IMG_0251.jpeg\"><img loading=\"lazy\" decoding=\"async\" width=\"800\" height=\"600\" data-id=\"5052\" src=\"https:\/\/www.volksschule-arnschwang.de\/wp-content\/uploads\/IMG_0251.jpeg\" alt=\"\" class=\"wp-image-5052\" srcset=\"https:\/\/www.volksschule-arnschwang.de\/wp-content\/uploads\/IMG_0251.jpeg 800w, https:\/\/www.volksschule-arnschwang.de\/wp-content\/uploads\/IMG_0251-300x225.jpeg 300w, https:\/\/www.volksschule-arnschwang.de\/wp-content\/uploads\/IMG_0251-768x576.jpeg 768w, https:\/\/www.volksschule-arnschwang.de\/wp-content\/uploads\/IMG_0251-400x300.jpeg 400w\" sizes=\"auto, (max-width: 800px) 100vw, 800px\" \/><\/a><\/figure>\n\n\n\n<figure class=\"wp-block-image size-large\"><a href=\"https:\/\/www.volksschule-arnschwang.de\/wp-content\/uploads\/LBV-Sammler.jpeg\"><img loading=\"lazy\" decoding=\"async\" width=\"800\" height=\"485\" data-id=\"5051\" src=\"https:\/\/www.volksschule-arnschwang.de\/wp-content\/uploads\/LBV-Sammler.jpeg\" alt=\"\" class=\"wp-image-5051\" srcset=\"https:\/\/www.volksschule-arnschwang.de\/wp-content\/uploads\/LBV-Sammler.jpeg 800w, https:\/\/www.volksschule-arnschwang.de\/wp-content\/uploads\/LBV-Sammler-300x182.jpeg 300w, https:\/\/www.volksschule-arnschwang.de\/wp-content\/uploads\/LBV-Sammler-768x466.jpeg 768w, https:\/\/www.volksschule-arnschwang.de\/wp-content\/uploads\/LBV-Sammler-495x300.jpeg 495w\" sizes=\"auto, (max-width: 800px) 100vw, 800px\" \/><\/a><\/figure>\n<\/figure>\n","protected":false},"excerpt":{"rendered":"<p>Auch in diesem Schuljahr beteiligte sich die Grundschule Arnschwang wieder an der LBV-Sammelaktion. Aus diesem Grund war vor einigen Tagen Monika Kerner vom LBV-Zentrum N\u00f6\u00dfwartling an die Schule gekommen, um sich bei den Kindern f\u00fcr den gesammelten Betrag von 500 &hellip; <a href=\"https:\/\/www.volksschule-arnschwang.de\/?p=5050\">Weiterlesen <span class=\"meta-nav\">&rarr;<\/span><\/a><\/p>\n","protected":false},"author":4,"featured_media":0,"comment_status":"closed","ping_status":"closed","sticky":false,"template":"","format":"standard","meta":{"_crdt_document":"","footnotes":""},"categories":[52],"tags":[],"class_list":["post-5050","post","type-post","status-publish","format-standard","hentry","category-berichte-2024-2025"],"publishpress_future_action":{"enabled":false,"date":"2026-05-06 20:54:02","action":"Draft","newStatus":"draft","terms":[],"taxonomy":"category","extraData":[]},"publishpress_future_workflow_manual_trigger":{"enabledWorkflows":[]},"_links":{"self":[{"href":"https:\/\/www.volksschule-arnschwang.de\/index.php?rest_route=\/wp\/v2\/posts\/5050","targetHints":{"allow":["GET"]}}],"collection":[{"href":"https:\/\/www.volksschule-arnschwang.de\/index.php?rest_route=\/wp\/v2\/posts"}],"about":[{"href":"https:\/\/www.volksschule-arnschwang.de\/index.php?rest_route=\/wp\/v2\/types\/post"}],"author":[{"embeddable":true,"href":"https:\/\/www.volksschule-arnschwang.de\/index.php?rest_route=\/wp\/v2\/users\/4"}],"replies":[{"embeddable":true,"href":"https:\/\/www.volksschule-arnschwang.de\/index.php?rest_route=%2Fwp%2Fv2%2Fcomments&post=5050"}],"version-history":[{"count":1,"href":"https:\/\/www.volksschule-arnschwang.de\/index.php?rest_route=\/wp\/v2\/posts\/5050\/revisions"}],"predecessor-version":[{"id":5053,"href":"https:\/\/www.volksschule-arnschwang.de\/index.php?rest_route=\/wp\/v2\/posts\/5050\/revisions\/5053"}],"wp:attachment":[{"href":"https:\/\/www.volksschule-arnschwang.de\/index.php?rest_route=%2Fwp%2Fv2%2Fmedia&parent=5050"}],"wp:term":[{"taxonomy":"category","embeddable":true,"href":"https:\/\/www.volksschule-arnschwang.de\/index.php?rest_route=%2Fwp%2Fv2%2Fcategories&post=5050"},{"taxonomy":"post_tag","embeddable":true,"href":"https:\/\/www.volksschule-arnschwang.de\/index.php?rest_route=%2Fwp%2Fv2%2Ftags&post=5050"}],"curies":[{"name":"wp","href":"https:\/\/api.w.org\/{rel}","templated":true}]}}