{"id":4955,"date":"2024-12-06T16:01:40","date_gmt":"2024-12-06T15:01:40","guid":{"rendered":"https:\/\/www.volksschule-arnschwang.de\/?p=4955"},"modified":"2024-12-06T16:01:40","modified_gmt":"2024-12-06T15:01:40","slug":"inklusion-am-nikolaustag-7","status":"publish","type":"post","link":"https:\/\/www.volksschule-arnschwang.de\/?p=4955","title":{"rendered":"Inklusion am Nikolaustag"},"content":{"rendered":"\n<p class=\"wp-block-paragraph\">Viele leuchtende Kinderaugen erwarteten den Hl. Nikolaus dieses Jahr an der Grundschule Arnschwang. Als der Heilige das Zimmer betrat wurde es and\u00e4chtig still und alle lauschten den Zeilen, die der gute Mann zu sagen hatte. Was den Nikolaus besonders freute war, dass auch heuer wieder die Erstkl\u00e4ssler der Grundschule Arnschwang gemeinsam mit den Sch\u00fclern aus St. Gunther das Fest begingen. Mit Sang und Klang wurde der Heilige Nikolaus verabschiedet und \u00fcberreichte den Kindern kleine Geschenke.<\/p>\n\n\n\n<figure class=\"wp-block-image size-full\"><a href=\"https:\/\/www.volksschule-arnschwang.de\/wp-content\/uploads\/d01c844f-46dd-4ba8-b1ff-cc8049e5b29c.jpeg\"><img loading=\"lazy\" decoding=\"async\" width=\"800\" height=\"600\" src=\"https:\/\/www.volksschule-arnschwang.de\/wp-content\/uploads\/d01c844f-46dd-4ba8-b1ff-cc8049e5b29c.jpeg\" alt=\"\" class=\"wp-image-4956\" srcset=\"https:\/\/www.volksschule-arnschwang.de\/wp-content\/uploads\/d01c844f-46dd-4ba8-b1ff-cc8049e5b29c.jpeg 800w, https:\/\/www.volksschule-arnschwang.de\/wp-content\/uploads\/d01c844f-46dd-4ba8-b1ff-cc8049e5b29c-300x225.jpeg 300w, https:\/\/www.volksschule-arnschwang.de\/wp-content\/uploads\/d01c844f-46dd-4ba8-b1ff-cc8049e5b29c-768x576.jpeg 768w, https:\/\/www.volksschule-arnschwang.de\/wp-content\/uploads\/d01c844f-46dd-4ba8-b1ff-cc8049e5b29c-400x300.jpeg 400w\" sizes=\"auto, (max-width: 800px) 100vw, 800px\" \/><\/a><figcaption class=\"wp-element-caption\">Die Arnschwanger Sch\u00fcler mit dem Hl. Nikolaus.<\/figcaption><\/figure>\n","protected":false},"excerpt":{"rendered":"<p>Viele leuchtende Kinderaugen erwarteten den Hl. Nikolaus dieses Jahr an der Grundschule Arnschwang. Als der Heilige das Zimmer betrat wurde es and\u00e4chtig still und alle lauschten den Zeilen, die der gute Mann zu sagen hatte. Was den Nikolaus besonders freute &hellip; <a href=\"https:\/\/www.volksschule-arnschwang.de\/?p=4955\">Weiterlesen <span class=\"meta-nav\">&rarr;<\/span><\/a><\/p>\n","protected":false},"author":1,"featured_media":0,"comment_status":"closed","ping_status":"closed","sticky":false,"template":"","format":"standard","meta":{"_crdt_document":"","footnotes":""},"categories":[52],"tags":[],"class_list":["post-4955","post","type-post","status-publish","format-standard","hentry","category-berichte-2024-2025"],"publishpress_future_action":{"enabled":false,"date":"2026-05-08 04:58:38","action":"Draft","newStatus":"draft","terms":[],"taxonomy":"category","extraData":[]},"publishpress_future_workflow_manual_trigger":{"enabledWorkflows":[]},"_links":{"self":[{"href":"https:\/\/www.volksschule-arnschwang.de\/index.php?rest_route=\/wp\/v2\/posts\/4955","targetHints":{"allow":["GET"]}}],"collection":[{"href":"https:\/\/www.volksschule-arnschwang.de\/index.php?rest_route=\/wp\/v2\/posts"}],"about":[{"href":"https:\/\/www.volksschule-arnschwang.de\/index.php?rest_route=\/wp\/v2\/types\/post"}],"author":[{"embeddable":true,"href":"https:\/\/www.volksschule-arnschwang.de\/index.php?rest_route=\/wp\/v2\/users\/1"}],"replies":[{"embeddable":true,"href":"https:\/\/www.volksschule-arnschwang.de\/index.php?rest_route=%2Fwp%2Fv2%2Fcomments&post=4955"}],"version-history":[{"count":1,"href":"https:\/\/www.volksschule-arnschwang.de\/index.php?rest_route=\/wp\/v2\/posts\/4955\/revisions"}],"predecessor-version":[{"id":4957,"href":"https:\/\/www.volksschule-arnschwang.de\/index.php?rest_route=\/wp\/v2\/posts\/4955\/revisions\/4957"}],"wp:attachment":[{"href":"https:\/\/www.volksschule-arnschwang.de\/index.php?rest_route=%2Fwp%2Fv2%2Fmedia&parent=4955"}],"wp:term":[{"taxonomy":"category","embeddable":true,"href":"https:\/\/www.volksschule-arnschwang.de\/index.php?rest_route=%2Fwp%2Fv2%2Fcategories&post=4955"},{"taxonomy":"post_tag","embeddable":true,"href":"https:\/\/www.volksschule-arnschwang.de\/index.php?rest_route=%2Fwp%2Fv2%2Ftags&post=4955"}],"curies":[{"name":"wp","href":"https:\/\/api.w.org\/{rel}","templated":true}]}}