{"id":4891,"date":"2024-09-16T11:50:56","date_gmt":"2024-09-16T10:50:56","guid":{"rendered":"https:\/\/www.volksschule-arnschwang.de\/?p=4891"},"modified":"2024-09-16T11:52:17","modified_gmt":"2024-09-16T10:52:17","slug":"29-neue-schueler-an-der-grundschule-arnschwang-2","status":"publish","type":"post","link":"https:\/\/www.volksschule-arnschwang.de\/?p=4891","title":{"rendered":"29 neue Sch\u00fcler an der Grundschule Arnschwang"},"content":{"rendered":"\n<p class=\"wp-block-paragraph\">F\u00fcr 29 Sch\u00fclerinnen und Sch\u00fcler, davon f\u00fcnf von den beiden Partnerklassen aus St. Gunther, begann am Dienstag ein neuer Lebensabschnitt. Die Kinder feierten zusammen mit ihren Eltern einen Schulanfangsgottesdienst in der Arnschwanger Kirche. Anschlie\u00dfend wurden die Eltern von Schulleiter Hubert Lauerer im ABC-Caf\u00e9 begr\u00fc\u00dft. Er versorgte die Eltern mit ersten organisatorischen Informationen und Hinweisen. Der engagierte Arnschwanger Elternbeirat bewirtete die vielen M\u00fctter und V\u00e4ter mit Kaffee. In der Zwischenzeit stand f\u00fcr die Erstkl\u00e4ssler mit Ihrer Klassenleiterin Ingeborg Perlinger die erste Schulstunde auf dem Programm. Ein besonderes Ereignis war es nat\u00fcrlich f\u00fcr die Kleinen, ihre Schult\u00fcten auszupacken.<\/p>\n\n\n\n<figure class=\"wp-block-image\"><img loading=\"lazy\" decoding=\"async\" width=\"800\" height=\"501\" src=\"https:\/\/www.volksschule-arnschwang.de\/wp-content\/uploads\/IMG_2327.jpeg\" alt=\"\" class=\"wp-image-4892\" srcset=\"https:\/\/www.volksschule-arnschwang.de\/wp-content\/uploads\/IMG_2327.jpeg 800w, https:\/\/www.volksschule-arnschwang.de\/wp-content\/uploads\/IMG_2327-300x188.jpeg 300w, https:\/\/www.volksschule-arnschwang.de\/wp-content\/uploads\/IMG_2327-768x481.jpeg 768w, https:\/\/www.volksschule-arnschwang.de\/wp-content\/uploads\/IMG_2327-479x300.jpeg 479w\" sizes=\"auto, (max-width: 800px) 100vw, 800px\" \/><figcaption class=\"wp-element-caption\">Die Arnschwanger Erstkl\u00e4ssler mit Ihrer Klassenleiterin Ingeborg<br \/>Perlinger, Schulleiter Hubert Lauerer, GS3-Leiterin Kerstin Schuster mit<br \/>weiteren Lehrkr\u00e4ften<\/figcaption><\/figure>\n\n\n\n<p class=\"wp-block-paragraph\"><\/p>\n","protected":false},"excerpt":{"rendered":"<p>F\u00fcr 29 Sch\u00fclerinnen und Sch\u00fcler, davon f\u00fcnf von den beiden Partnerklassen aus St. Gunther, begann am Dienstag ein neuer Lebensabschnitt. Die Kinder feierten zusammen mit ihren Eltern einen Schulanfangsgottesdienst in der Arnschwanger Kirche. Anschlie\u00dfend wurden die Eltern von Schulleiter Hubert &hellip; <a href=\"https:\/\/www.volksschule-arnschwang.de\/?p=4891\">Weiterlesen <span class=\"meta-nav\">&rarr;<\/span><\/a><\/p>\n","protected":false},"author":1,"featured_media":0,"comment_status":"closed","ping_status":"closed","sticky":false,"template":"","format":"standard","meta":{"_crdt_document":"","footnotes":""},"categories":[52],"tags":[],"class_list":["post-4891","post","type-post","status-publish","format-standard","hentry","category-berichte-2024-2025"],"publishpress_future_action":{"enabled":false,"date":"2026-05-08 04:56:23","action":"Draft","newStatus":"draft","terms":[],"taxonomy":"category","extraData":[]},"publishpress_future_workflow_manual_trigger":{"enabledWorkflows":[]},"_links":{"self":[{"href":"https:\/\/www.volksschule-arnschwang.de\/index.php?rest_route=\/wp\/v2\/posts\/4891","targetHints":{"allow":["GET"]}}],"collection":[{"href":"https:\/\/www.volksschule-arnschwang.de\/index.php?rest_route=\/wp\/v2\/posts"}],"about":[{"href":"https:\/\/www.volksschule-arnschwang.de\/index.php?rest_route=\/wp\/v2\/types\/post"}],"author":[{"embeddable":true,"href":"https:\/\/www.volksschule-arnschwang.de\/index.php?rest_route=\/wp\/v2\/users\/1"}],"replies":[{"embeddable":true,"href":"https:\/\/www.volksschule-arnschwang.de\/index.php?rest_route=%2Fwp%2Fv2%2Fcomments&post=4891"}],"version-history":[{"count":1,"href":"https:\/\/www.volksschule-arnschwang.de\/index.php?rest_route=\/wp\/v2\/posts\/4891\/revisions"}],"predecessor-version":[{"id":4893,"href":"https:\/\/www.volksschule-arnschwang.de\/index.php?rest_route=\/wp\/v2\/posts\/4891\/revisions\/4893"}],"wp:attachment":[{"href":"https:\/\/www.volksschule-arnschwang.de\/index.php?rest_route=%2Fwp%2Fv2%2Fmedia&parent=4891"}],"wp:term":[{"taxonomy":"category","embeddable":true,"href":"https:\/\/www.volksschule-arnschwang.de\/index.php?rest_route=%2Fwp%2Fv2%2Fcategories&post=4891"},{"taxonomy":"post_tag","embeddable":true,"href":"https:\/\/www.volksschule-arnschwang.de\/index.php?rest_route=%2Fwp%2Fv2%2Ftags&post=4891"}],"curies":[{"name":"wp","href":"https:\/\/api.w.org\/{rel}","templated":true}]}}