{"id":4689,"date":"2023-10-24T11:17:25","date_gmt":"2023-10-24T10:17:25","guid":{"rendered":"https:\/\/www.volksschule-arnschwang.de\/?p=4689"},"modified":"2023-10-24T11:17:25","modified_gmt":"2023-10-24T10:17:25","slug":"neuer-elternbeirat-an-der-grundschule-arnschwang-8","status":"publish","type":"post","link":"https:\/\/www.volksschule-arnschwang.de\/?p=4689","title":{"rendered":"Neuer Elternbeirat an der Grundschule Arnschwang"},"content":{"rendered":"\n<p class=\"wp-block-paragraph\">Nachdem bereits in der zweiten Schulwoche in allen Klassen die Elternsprecher und der neue Elternbeirat gew\u00e4hlt wurden, fand nun am letzten Donnerstag die konstituierende Sitzung des neuen Elternbeirats statt.<\/p>\n\n\n\n<p class=\"wp-block-paragraph\">Stellvertretende Schulleiterin Isabella Hartl bedankte sich bei allen Klassenelternsprechern daf\u00fcr, dass sie Verantwortung \u00fcbernommen haben und sich aktiv an der Gestaltung des Schullebens beteiligen wollen.<\/p>\n\n\n\n<p class=\"wp-block-paragraph\">Neue Vorsitzende des Gremiums ist Susanne Heigl. Stellvertreterin ist Martina Bauer, das Amt des Schriftf\u00fchrers bekleidet Elisabeth Stelzer. Weitere Mitglieder des neuen Elternbeirats sind Markus Obermeier, Juliane Gruber, Daniela Schlecht, Monika Hierstetter und Aldona Heitzer.<\/p>\n\n\n\n<p class=\"wp-block-paragraph\">Isabella Hartl informierte die Elternbeir\u00e4te \u00fcber die aktuelle Situation an der Schule und berichtete von diversen Vorhaben. So sind bis zu den Weihnachtsferien der bundesweite Vorlesetag, eine Nikolausaktion, der Verkauf von selbstgebastelten Dingen am Schrazlmarkt und eine Weihnachtsfeier geplant. Die Schule wird auch weiterhin am Schulfruchtprogramm mit regionalen Bioprodukten teilnehmen.<\/p>\n\n\n\n<p class=\"wp-block-paragraph\">Die Elternbeiratsvorsitzende Susanne Heigl sagte wieder die Durchf\u00fchrung von f\u00fcnf gesunden Pausenfr\u00fchst\u00fccken f\u00fcr alle Kinder zu. Zudem wird der Elternbeirat die Klassenlekt\u00fcren aus dem FiLBY-Lesef\u00f6rderprogramm f\u00fcr alle Klassen finanzieren.<\/p>\n\n\n\n<p class=\"wp-block-paragraph\">Anschlie\u00dfend unterhielt man sich noch in lockerer Runde \u00fcber weitere Aktivit\u00e4ten im laufenden Schuljahr.<\/p>\n\n\n\n<figure class=\"wp-block-image size-large\"><a href=\"https:\/\/www.volksschule-arnschwang.de\/wp-content\/uploads\/image.jpg\"><img loading=\"lazy\" decoding=\"async\" width=\"786\" height=\"1024\" src=\"https:\/\/www.volksschule-arnschwang.de\/wp-content\/uploads\/image-786x1024.jpg\" alt=\"\" class=\"wp-image-4691\" srcset=\"https:\/\/www.volksschule-arnschwang.de\/wp-content\/uploads\/image-786x1024.jpg 786w, https:\/\/www.volksschule-arnschwang.de\/wp-content\/uploads\/image-230x300.jpg 230w, https:\/\/www.volksschule-arnschwang.de\/wp-content\/uploads\/image-768x1000.jpg 768w, https:\/\/www.volksschule-arnschwang.de\/wp-content\/uploads\/image.jpg 800w\" sizes=\"auto, (max-width: 786px) 100vw, 786px\" \/><\/a><figcaption class=\"wp-element-caption\">Der neue Elternbeirat der Grundschule Arnschwang<\/figcaption><\/figure>\n","protected":false},"excerpt":{"rendered":"<p>Nachdem bereits in der zweiten Schulwoche in allen Klassen die Elternsprecher und der neue Elternbeirat gew\u00e4hlt wurden, fand nun am letzten Donnerstag die konstituierende Sitzung des neuen Elternbeirats statt. Stellvertretende Schulleiterin Isabella Hartl bedankte sich bei allen Klassenelternsprechern daf\u00fcr, dass &hellip; <a href=\"https:\/\/www.volksschule-arnschwang.de\/?p=4689\">Weiterlesen <span class=\"meta-nav\">&rarr;<\/span><\/a><\/p>\n","protected":false},"author":1,"featured_media":0,"comment_status":"closed","ping_status":"closed","sticky":false,"template":"","format":"standard","meta":{"_crdt_document":"","footnotes":""},"categories":[51],"tags":[],"class_list":["post-4689","post","type-post","status-publish","format-standard","hentry","category-berichte-2023-2024"],"publishpress_future_action":{"enabled":false,"date":"2026-05-07 00:44:27","action":"Draft","newStatus":"draft","terms":[],"taxonomy":"category","extraData":[]},"publishpress_future_workflow_manual_trigger":{"enabledWorkflows":[]},"_links":{"self":[{"href":"https:\/\/www.volksschule-arnschwang.de\/index.php?rest_route=\/wp\/v2\/posts\/4689","targetHints":{"allow":["GET"]}}],"collection":[{"href":"https:\/\/www.volksschule-arnschwang.de\/index.php?rest_route=\/wp\/v2\/posts"}],"about":[{"href":"https:\/\/www.volksschule-arnschwang.de\/index.php?rest_route=\/wp\/v2\/types\/post"}],"author":[{"embeddable":true,"href":"https:\/\/www.volksschule-arnschwang.de\/index.php?rest_route=\/wp\/v2\/users\/1"}],"replies":[{"embeddable":true,"href":"https:\/\/www.volksschule-arnschwang.de\/index.php?rest_route=%2Fwp%2Fv2%2Fcomments&post=4689"}],"version-history":[{"count":2,"href":"https:\/\/www.volksschule-arnschwang.de\/index.php?rest_route=\/wp\/v2\/posts\/4689\/revisions"}],"predecessor-version":[{"id":4692,"href":"https:\/\/www.volksschule-arnschwang.de\/index.php?rest_route=\/wp\/v2\/posts\/4689\/revisions\/4692"}],"wp:attachment":[{"href":"https:\/\/www.volksschule-arnschwang.de\/index.php?rest_route=%2Fwp%2Fv2%2Fmedia&parent=4689"}],"wp:term":[{"taxonomy":"category","embeddable":true,"href":"https:\/\/www.volksschule-arnschwang.de\/index.php?rest_route=%2Fwp%2Fv2%2Fcategories&post=4689"},{"taxonomy":"post_tag","embeddable":true,"href":"https:\/\/www.volksschule-arnschwang.de\/index.php?rest_route=%2Fwp%2Fv2%2Ftags&post=4689"}],"curies":[{"name":"wp","href":"https:\/\/api.w.org\/{rel}","templated":true}]}}