{"id":4581,"date":"2022-12-26T13:40:26","date_gmt":"2022-12-26T12:40:26","guid":{"rendered":"https:\/\/www.volksschule-arnschwang.de\/?p=4581"},"modified":"2022-12-26T13:40:26","modified_gmt":"2022-12-26T12:40:26","slug":"grundschule-arnschwang-spendet-fuer-die-johanniter-weihnachtstrucker-3","status":"publish","type":"post","link":"https:\/\/www.volksschule-arnschwang.de\/?p=4581","title":{"rendered":"Grundschule Arnschwang spendet f\u00fcr die Johanniter Weihnachtstrucker"},"content":{"rendered":"\n<p class=\"wp-block-paragraph\">Elternbeirat und Lehrerkollegium beschlossen heuer erneut die Johanniter bei ihrer Weihnachtstrucker-Aktion zu unterst\u00fctzen.<\/p>\n\n\n\n<p class=\"wp-block-paragraph\">Diese fahren in der Vorweihnachtszeit P\u00e4ckchen nach Osteuropa zu bed\u00fcrftigen Familien in Rum\u00e4nien, Bulgarien und Albanien.<\/p>\n\n\n\n<p class=\"wp-block-paragraph\">Es kamen fast 30 Pakete zusammen.<\/p>\n\n\n\n<p class=\"wp-block-paragraph\">Unser Bild zeigt Kinder der Grundschule Arnschwang zusammen mit den Johanniter-Weihnachtstruckern bei der \u00dcbergabe.<\/p>\n\n\n\n<p class=\"wp-block-paragraph\">Nach diesem gro\u00dfen Erfolg will man sich auch n\u00e4chstes Jahr wieder an dieser humanistischen Aktion beteiligen.<\/p>\n\n\n\n<figure class=\"wp-block-image size-full\"><a href=\"https:\/\/www.volksschule-arnschwang.de\/wp-content\/uploads\/Johanniter.jpg\"><img loading=\"lazy\" decoding=\"async\" width=\"800\" height=\"600\" src=\"https:\/\/www.volksschule-arnschwang.de\/wp-content\/uploads\/Johanniter.jpg\" alt=\"\" class=\"wp-image-4583\" srcset=\"https:\/\/www.volksschule-arnschwang.de\/wp-content\/uploads\/Johanniter.jpg 800w, https:\/\/www.volksschule-arnschwang.de\/wp-content\/uploads\/Johanniter-300x225.jpg 300w, https:\/\/www.volksschule-arnschwang.de\/wp-content\/uploads\/Johanniter-768x576.jpg 768w, https:\/\/www.volksschule-arnschwang.de\/wp-content\/uploads\/Johanniter-400x300.jpg 400w\" sizes=\"auto, (max-width: 800px) 100vw, 800px\" \/><\/a><\/figure>\n\n\n\n<p class=\"wp-block-paragraph\"><\/p>\n","protected":false},"excerpt":{"rendered":"<p>Elternbeirat und Lehrerkollegium beschlossen heuer erneut die Johanniter bei ihrer Weihnachtstrucker-Aktion zu unterst\u00fctzen. Diese fahren in der Vorweihnachtszeit P\u00e4ckchen nach Osteuropa zu bed\u00fcrftigen Familien in Rum\u00e4nien, Bulgarien und Albanien. Es kamen fast 30 Pakete zusammen. Unser Bild zeigt Kinder der &hellip; <a href=\"https:\/\/www.volksschule-arnschwang.de\/?p=4581\">Weiterlesen <span class=\"meta-nav\">&rarr;<\/span><\/a><\/p>\n","protected":false},"author":1,"featured_media":0,"comment_status":"closed","ping_status":"closed","sticky":false,"template":"","format":"standard","meta":{"_crdt_document":"","footnotes":""},"categories":[50],"tags":[],"class_list":["post-4581","post","type-post","status-publish","format-standard","hentry","category-berichte-2022-2023"],"publishpress_future_action":{"enabled":false,"date":"2026-05-07 02:33:22","action":"Draft","newStatus":"draft","terms":[],"taxonomy":"category","extraData":[]},"publishpress_future_workflow_manual_trigger":{"enabledWorkflows":[]},"_links":{"self":[{"href":"https:\/\/www.volksschule-arnschwang.de\/index.php?rest_route=\/wp\/v2\/posts\/4581","targetHints":{"allow":["GET"]}}],"collection":[{"href":"https:\/\/www.volksschule-arnschwang.de\/index.php?rest_route=\/wp\/v2\/posts"}],"about":[{"href":"https:\/\/www.volksschule-arnschwang.de\/index.php?rest_route=\/wp\/v2\/types\/post"}],"author":[{"embeddable":true,"href":"https:\/\/www.volksschule-arnschwang.de\/index.php?rest_route=\/wp\/v2\/users\/1"}],"replies":[{"embeddable":true,"href":"https:\/\/www.volksschule-arnschwang.de\/index.php?rest_route=%2Fwp%2Fv2%2Fcomments&post=4581"}],"version-history":[{"count":1,"href":"https:\/\/www.volksschule-arnschwang.de\/index.php?rest_route=\/wp\/v2\/posts\/4581\/revisions"}],"predecessor-version":[{"id":4584,"href":"https:\/\/www.volksschule-arnschwang.de\/index.php?rest_route=\/wp\/v2\/posts\/4581\/revisions\/4584"}],"wp:attachment":[{"href":"https:\/\/www.volksschule-arnschwang.de\/index.php?rest_route=%2Fwp%2Fv2%2Fmedia&parent=4581"}],"wp:term":[{"taxonomy":"category","embeddable":true,"href":"https:\/\/www.volksschule-arnschwang.de\/index.php?rest_route=%2Fwp%2Fv2%2Fcategories&post=4581"},{"taxonomy":"post_tag","embeddable":true,"href":"https:\/\/www.volksschule-arnschwang.de\/index.php?rest_route=%2Fwp%2Fv2%2Ftags&post=4581"}],"curies":[{"name":"wp","href":"https:\/\/api.w.org\/{rel}","templated":true}]}}