{"id":4574,"date":"2022-12-20T13:20:00","date_gmt":"2022-12-20T12:20:00","guid":{"rendered":"https:\/\/www.volksschule-arnschwang.de\/?p=4574"},"modified":"2023-05-12T11:38:49","modified_gmt":"2023-05-12T10:38:49","slug":"grundschule-arnschwang-erhaelt-den-umweltschutzpreis-des-landkreises","status":"publish","type":"post","link":"https:\/\/www.volksschule-arnschwang.de\/?p=4574","title":{"rendered":"Grundschule Arnschwang erh\u00e4lt den Umweltschutzpreis des Landkreises"},"content":{"rendered":"\n<p class=\"wp-block-paragraph\">Im Rahmen eines Ehrenabends im Saal der Sparkasse Cham wurde der Grundschule Arnschwang der Umweltschutzpreis des Landkreises zugesprochen. Landrat Franz L\u00f6ffler w\u00fcrdigte damit das langj\u00e4hrige nachhaltige Engagement der Grundschule Arnschwang in Sachen Umwelt- und Klimaschutz.<\/p>\n\n\n\n<p class=\"wp-block-paragraph\">Viele Projekte seien in den letzten 15 Jahren angesto\u00dfen und umgesetzt worden. Beispielsweise werde an der ganzen Schule nur mit Umweltpapier gearbeitet, die Schule ist weitgehend plastikfrei und die Produkte im Rahmen des Schulfruchtprogramms sind ausschlie\u00dflich regional und biozertifiziert.<\/p>\n\n\n\n<p class=\"wp-block-paragraph\">Schulleiter Hubert Lauerer und Teile des Kollegiums nahmen die Auszeichnung, die mit 1.000 \u20ac dotiert ist, stolz entgegen.<\/p>\n\n\n\n<figure class=\"wp-block-image size-full\"><a href=\"https:\/\/www.volksschule-arnschwang.de\/wp-content\/uploads\/Umweltpreis.jpg\"><img loading=\"lazy\" decoding=\"async\" width=\"780\" height=\"468\" src=\"https:\/\/www.volksschule-arnschwang.de\/wp-content\/uploads\/Umweltpreis.jpg\" alt=\"\" class=\"wp-image-4575\" srcset=\"https:\/\/www.volksschule-arnschwang.de\/wp-content\/uploads\/Umweltpreis.jpg 780w, https:\/\/www.volksschule-arnschwang.de\/wp-content\/uploads\/Umweltpreis-300x180.jpg 300w, https:\/\/www.volksschule-arnschwang.de\/wp-content\/uploads\/Umweltpreis-768x461.jpg 768w, https:\/\/www.volksschule-arnschwang.de\/wp-content\/uploads\/Umweltpreis-500x300.jpg 500w\" sizes=\"auto, (max-width: 780px) 100vw, 780px\" \/><\/a><\/figure>\n\n\n\n<p class=\"wp-block-paragraph\"><\/p>\n","protected":false},"excerpt":{"rendered":"<p>Im Rahmen eines Ehrenabends im Saal der Sparkasse Cham wurde der Grundschule Arnschwang der Umweltschutzpreis des Landkreises zugesprochen. Landrat Franz L\u00f6ffler w\u00fcrdigte damit das langj\u00e4hrige nachhaltige Engagement der Grundschule Arnschwang in Sachen Umwelt- und Klimaschutz. Viele Projekte seien in den &hellip; <a href=\"https:\/\/www.volksschule-arnschwang.de\/?p=4574\">Weiterlesen <span class=\"meta-nav\">&rarr;<\/span><\/a><\/p>\n","protected":false},"author":1,"featured_media":0,"comment_status":"closed","ping_status":"closed","sticky":false,"template":"","format":"standard","meta":{"_crdt_document":"","footnotes":""},"categories":[21],"tags":[],"class_list":["post-4574","post","type-post","status-publish","format-standard","hentry","category-mitteilungen"],"publishpress_future_action":{"enabled":false,"date":"2026-05-08 07:57:17","action":"Draft","newStatus":"draft","terms":[],"taxonomy":"category","extraData":[]},"publishpress_future_workflow_manual_trigger":{"enabledWorkflows":[]},"_links":{"self":[{"href":"https:\/\/www.volksschule-arnschwang.de\/index.php?rest_route=\/wp\/v2\/posts\/4574","targetHints":{"allow":["GET"]}}],"collection":[{"href":"https:\/\/www.volksschule-arnschwang.de\/index.php?rest_route=\/wp\/v2\/posts"}],"about":[{"href":"https:\/\/www.volksschule-arnschwang.de\/index.php?rest_route=\/wp\/v2\/types\/post"}],"author":[{"embeddable":true,"href":"https:\/\/www.volksschule-arnschwang.de\/index.php?rest_route=\/wp\/v2\/users\/1"}],"replies":[{"embeddable":true,"href":"https:\/\/www.volksschule-arnschwang.de\/index.php?rest_route=%2Fwp%2Fv2%2Fcomments&post=4574"}],"version-history":[{"count":1,"href":"https:\/\/www.volksschule-arnschwang.de\/index.php?rest_route=\/wp\/v2\/posts\/4574\/revisions"}],"predecessor-version":[{"id":4576,"href":"https:\/\/www.volksschule-arnschwang.de\/index.php?rest_route=\/wp\/v2\/posts\/4574\/revisions\/4576"}],"wp:attachment":[{"href":"https:\/\/www.volksschule-arnschwang.de\/index.php?rest_route=%2Fwp%2Fv2%2Fmedia&parent=4574"}],"wp:term":[{"taxonomy":"category","embeddable":true,"href":"https:\/\/www.volksschule-arnschwang.de\/index.php?rest_route=%2Fwp%2Fv2%2Fcategories&post=4574"},{"taxonomy":"post_tag","embeddable":true,"href":"https:\/\/www.volksschule-arnschwang.de\/index.php?rest_route=%2Fwp%2Fv2%2Ftags&post=4574"}],"curies":[{"name":"wp","href":"https:\/\/api.w.org\/{rel}","templated":true}]}}