{"id":4501,"date":"2022-09-11T17:55:32","date_gmt":"2022-09-11T16:55:32","guid":{"rendered":"https:\/\/www.volksschule-arnschwang.de\/?p=4501"},"modified":"2022-10-22T09:47:29","modified_gmt":"2022-10-22T08:47:29","slug":"schulanfang-in-arnschwang-12","status":"publish","type":"post","link":"https:\/\/www.volksschule-arnschwang.de\/?p=4501","title":{"rendered":"Schulanfang in Arnschwang"},"content":{"rendered":"\n<p class=\"wp-block-paragraph\">Am Dienstag, 13. September 2022, beginnt an der Grundschule Arnschwang f\u00fcr 92 Sch\u00fclerinnen und Sch\u00fcler das neue Schuljahr.<\/p>\n\n\n\n<p class=\"wp-block-paragraph\">Die erste Klasse \u00fcbernimmt als Klassenleiterin Frau Maria Hutter. Die zweite Klasse wird von Frau Isabella Hartl weitergef\u00fchrt. Die Klassenleitung der dritten Klasse \u00fcbernimmt Frau Ingeborg Perlinger, die vierte Klasse f\u00fchrt Rektor Hubert Lauerer weiter. Die Partnerklasse von St. Gunther wird von Frau Margarete Grass unterrichtet. Ebenfalls an der Schule unterrichten Frau Cornelia Martin (WG), Frau Claudia Preischl (Kath. Religion) und Frau Doris M\u00fcnch (Sport, Musik und HSU). Als Verwaltungsangestellte steht Frau Brigitte Eiber der Schule an zwei Tagen wieder zur Verf\u00fcgung.<\/p>\n\n\n\n<p class=\"wp-block-paragraph\">F\u00fcr die 2. bis 4. Klasse beginnt der Unterricht am Dienstag, 13. September, um 8.00 Uhr in der Schule. F\u00fcr die ABC-Sch\u00fctzen, die am ersten Schultag von ihren Eltern begleitet werden sollen, ist Treffpunkt um 8.30 Uhr gleich in der Kirche zum Anfangsgottesdienst. Der Elternbeirat l\u00e4dt anschlie\u00dfend alle Eltern der Schulanf\u00e4nger zu Kaffee und Kuchen in die Aula ein. Nach einer ersten Unterrichtseinheit k\u00f6nnen dann die Schulanf\u00e4nger wieder mit nach Hause genommen werden. Der Unterricht endet f\u00fcr alle anderen Klassen um 11.20 Uhr, der Schulbus f\u00e4hrt.<\/p>\n\n\n\n<p class=\"wp-block-paragraph\">Am Mittwoch ist Klassenleiterunterricht, Schulschluss ist f\u00fcr alle jeweils um 11.20 Uhr. Der Bus f\u00e4hrt um 11.20 Uhr. Ab Donnerstag findet dann stundenplanm\u00e4\u00dfiger Unterricht statt, die Arbeitsgemeinschaften starten erst in der zweiten Schulwoche. An allen Tagen f\u00e4hrt der Schulbus um 13.00 Uhr, die Mittagsbetreuung ist ab heuer jeden Tag bis 14.00 Uhr gew\u00e4hrt.<\/p>\n\n\n\n<p class=\"wp-block-paragraph\">Eltern, die ihre Kinder mit dem Auto zur Schule bringen und abholen, sollen die Parkpl\u00e4tze im Flachsgraben anfahren und dort die Kinder aus- bzw. einsteigen lassen. An der Rosenstra\u00dfe, an der sich die Bus-Parkbucht befindet, herrscht n\u00e4mlich zu den Zeiten des Schulbusverkehrs zur Sicherheit der Kinder ein generelles Halteverbot an beiden Stra\u00dfenseiten.<\/p>\n\n\n\n<p class=\"wp-block-paragraph\">Alle Fahrsch\u00fcler erhalten den Fahrplan f\u00fcr die Morgen- und Mittagsfahrten am ersten Schultag.<\/p>\n\n\n\n<p class=\"wp-block-paragraph\">Die Eltern werden an das Sicherheitskonzept der Grundschule Arnschwang erinnert. Das Schulhaus wird w\u00e4hrend des Unterrichts (8.00 bis 13.00 Uhr) abgeschlossen. Ge\u00f6ffnet wird es in den Sprechstunden der Lehrkr\u00e4fte und w\u00e4hrend der Pausen in der Zeit von 9.30 bis 9.50 Uhr, von 11.20 bis 11.30 Uhr und kurz nach Unterrichtsende um 12.15 Uhr und 13.00 Uhr. F\u00fcr den Notfall ist am Haupteingang eine Klingel angebracht.<\/p>\n","protected":false},"excerpt":{"rendered":"<p>Am Dienstag, 13. September 2022, beginnt an der Grundschule Arnschwang f\u00fcr 92 Sch\u00fclerinnen und Sch\u00fcler das neue Schuljahr. Die erste Klasse \u00fcbernimmt als Klassenleiterin Frau Maria Hutter. Die zweite Klasse wird von Frau Isabella Hartl weitergef\u00fchrt. Die Klassenleitung der dritten &hellip; <a href=\"https:\/\/www.volksschule-arnschwang.de\/?p=4501\">Weiterlesen <span class=\"meta-nav\">&rarr;<\/span><\/a><\/p>\n","protected":false},"author":1,"featured_media":0,"comment_status":"closed","ping_status":"closed","sticky":false,"template":"","format":"standard","meta":{"_crdt_document":"","footnotes":""},"categories":[21],"tags":[],"class_list":["post-4501","post","type-post","status-publish","format-standard","hentry","category-mitteilungen"],"publishpress_future_action":{"enabled":false,"date":"2026-05-08 14:01:21","action":"Draft","newStatus":"draft","terms":[],"taxonomy":"category","extraData":[]},"publishpress_future_workflow_manual_trigger":{"enabledWorkflows":[]},"_links":{"self":[{"href":"https:\/\/www.volksschule-arnschwang.de\/index.php?rest_route=\/wp\/v2\/posts\/4501","targetHints":{"allow":["GET"]}}],"collection":[{"href":"https:\/\/www.volksschule-arnschwang.de\/index.php?rest_route=\/wp\/v2\/posts"}],"about":[{"href":"https:\/\/www.volksschule-arnschwang.de\/index.php?rest_route=\/wp\/v2\/types\/post"}],"author":[{"embeddable":true,"href":"https:\/\/www.volksschule-arnschwang.de\/index.php?rest_route=\/wp\/v2\/users\/1"}],"replies":[{"embeddable":true,"href":"https:\/\/www.volksschule-arnschwang.de\/index.php?rest_route=%2Fwp%2Fv2%2Fcomments&post=4501"}],"version-history":[{"count":2,"href":"https:\/\/www.volksschule-arnschwang.de\/index.php?rest_route=\/wp\/v2\/posts\/4501\/revisions"}],"predecessor-version":[{"id":4536,"href":"https:\/\/www.volksschule-arnschwang.de\/index.php?rest_route=\/wp\/v2\/posts\/4501\/revisions\/4536"}],"wp:attachment":[{"href":"https:\/\/www.volksschule-arnschwang.de\/index.php?rest_route=%2Fwp%2Fv2%2Fmedia&parent=4501"}],"wp:term":[{"taxonomy":"category","embeddable":true,"href":"https:\/\/www.volksschule-arnschwang.de\/index.php?rest_route=%2Fwp%2Fv2%2Fcategories&post=4501"},{"taxonomy":"post_tag","embeddable":true,"href":"https:\/\/www.volksschule-arnschwang.de\/index.php?rest_route=%2Fwp%2Fv2%2Ftags&post=4501"}],"curies":[{"name":"wp","href":"https:\/\/api.w.org\/{rel}","templated":true}]}}