{"id":4352,"date":"2021-08-25T17:52:22","date_gmt":"2021-08-25T16:52:22","guid":{"rendered":"https:\/\/www.volksschule-arnschwang.de\/?p=4352"},"modified":"2021-08-25T17:52:24","modified_gmt":"2021-08-25T16:52:24","slug":"ehrungen-am-ende-des-schuljahres-an-der-gs-arnschwang-2","status":"publish","type":"post","link":"https:\/\/www.volksschule-arnschwang.de\/?p=4352","title":{"rendered":"Ehrungen am Ende des Schuljahres an der GS Arnschwang"},"content":{"rendered":"\n<p class=\"wp-block-paragraph\">\u201eWer B\u00fccher liest, schaut in die Welt und nicht nur zum Zaune.\u201c Dieses Zitat von J.W. von Goethe veranschaulicht, wie sehr das Lesen von B\u00fcchern beitragen kann, die Welt zu entdecken und Neues zu erfahren.<\/p>\n\n\n\n<p class=\"wp-block-paragraph\">In diesem Sinne wurden zum Schuljahresende an der Grundschule Arnschwang die Sch\u00fclerinnen und Sch\u00fcler geehrt, die im Internetportal zur Lesef\u00f6rderung \u201eAntolin\u201c besonders flei\u00dfig gearbeitet haben. Bei Antolin geht es darum, Fragen zu einem gelesenen Buch zu beantworten. Die Lesebeauftrage Isabella Hartl wies darauf hin, dass Lesen fast immer und \u00fcberall m\u00f6glich sei und motivierte die Kinder dazu, auch in den kommenden Ferien ab und zu ein Buch zur Hand zu nehmen. Dazu bekamen die Kinder eine Sommerferien-Leseaufgabe. Als Schulsiegerinnen wurden Julia H\u00e4u\u00dfermann (2. Klasse), Theresa Brandl (3. Klasse) und Sophia Krolikowski (4. Klasse) mit einem Sachpreis und einer Urkunde ausgezeichnet. Zu den weiteren geehrten Kindern geh\u00f6ren aus der 2. Klasse Anna Bach, Philipp Karl, Lukas Kolbeck und Eva Sch\u00f6nberger, aus der dritten Klasse Romy Enderlein, Quirin Mauritz und Fabian Simeth und aus der 4. Klasse Luis Bindl, Carmen M\u00fcller und Rosina Sp\u00e4th.<\/p>\n\n\n\n<p class=\"wp-block-paragraph\">Unverzichtbare Dienste als Tutoren haben vier Kinder aus der 4. Klasse geleistet. Sie unterst\u00fctzen zwei Jahre ihre j\u00fcngeren Mitsch\u00fclerinnen und Mitsch\u00fcler bei t\u00e4glichen Arbeiten und fungierten zudem als Lesepatinnen und \u2013paten. Als Tutorinnen wurden Carmen M\u00fcller, Sophia Krolikowski und Adelina Reitmeier, als Tutor Philipp M\u00fcckl mit einem Eisgutschein ausgezeichnet.<\/p>\n\n\n\n<p class=\"wp-block-paragraph\">Im Rahmen des Schulfruchtprogramms schnitten Cecilia Eidenschink, Verena M\u00fcnch und Carmen M\u00fcller f\u00fcr ihre Mitsch\u00fclerinnen und Mitsch\u00fcler Obst und Gem\u00fcse und dekorierten es ansprechend. F\u00fcr ihre zuverl\u00e4ssige Arbeit erhielten sie von der stellvertretenden Schulleiterin Isabella Hartl einen kleinen Sachpreis.<\/p>\n\n\n\n<figure class=\"wp-block-image size-full\"><a href=\"https:\/\/www.volksschule-arnschwang.de\/wp-content\/uploads\/Ehrungen-01.jpg\"><img loading=\"lazy\" decoding=\"async\" width=\"600\" height=\"800\" src=\"https:\/\/www.volksschule-arnschwang.de\/wp-content\/uploads\/Ehrungen-01.jpg\" alt=\"\" class=\"wp-image-4353\" srcset=\"https:\/\/www.volksschule-arnschwang.de\/wp-content\/uploads\/Ehrungen-01.jpg 600w, https:\/\/www.volksschule-arnschwang.de\/wp-content\/uploads\/Ehrungen-01-225x300.jpg 225w\" sizes=\"auto, (max-width: 600px) 100vw, 600px\" \/><\/a><\/figure>\n\n\n\n<figure class=\"wp-block-image size-full\"><a href=\"https:\/\/www.volksschule-arnschwang.de\/wp-content\/uploads\/Ehrungen-02.jpg\"><img loading=\"lazy\" decoding=\"async\" width=\"600\" height=\"800\" src=\"https:\/\/www.volksschule-arnschwang.de\/wp-content\/uploads\/Ehrungen-02.jpg\" alt=\"\" class=\"wp-image-4354\" srcset=\"https:\/\/www.volksschule-arnschwang.de\/wp-content\/uploads\/Ehrungen-02.jpg 600w, https:\/\/www.volksschule-arnschwang.de\/wp-content\/uploads\/Ehrungen-02-225x300.jpg 225w\" sizes=\"auto, (max-width: 600px) 100vw, 600px\" \/><\/a><\/figure>\n","protected":false},"excerpt":{"rendered":"<p>\u201eWer B\u00fccher liest, schaut in die Welt und nicht nur zum Zaune.\u201c Dieses Zitat von J.W. von Goethe veranschaulicht, wie sehr das Lesen von B\u00fcchern beitragen kann, die Welt zu entdecken und Neues zu erfahren. In diesem Sinne wurden zum &hellip; <a href=\"https:\/\/www.volksschule-arnschwang.de\/?p=4352\">Weiterlesen <span class=\"meta-nav\">&rarr;<\/span><\/a><\/p>\n","protected":false},"author":1,"featured_media":0,"comment_status":"closed","ping_status":"closed","sticky":false,"template":"","format":"standard","meta":{"_crdt_document":"","footnotes":""},"categories":[47],"tags":[],"class_list":["post-4352","post","type-post","status-publish","format-standard","hentry","category-berichte-2020-2021"],"publishpress_future_action":{"enabled":false,"date":"2026-05-07 04:18:18","action":"Draft","newStatus":"draft","terms":[],"taxonomy":"category","extraData":[]},"publishpress_future_workflow_manual_trigger":{"enabledWorkflows":[]},"_links":{"self":[{"href":"https:\/\/www.volksschule-arnschwang.de\/index.php?rest_route=\/wp\/v2\/posts\/4352","targetHints":{"allow":["GET"]}}],"collection":[{"href":"https:\/\/www.volksschule-arnschwang.de\/index.php?rest_route=\/wp\/v2\/posts"}],"about":[{"href":"https:\/\/www.volksschule-arnschwang.de\/index.php?rest_route=\/wp\/v2\/types\/post"}],"author":[{"embeddable":true,"href":"https:\/\/www.volksschule-arnschwang.de\/index.php?rest_route=\/wp\/v2\/users\/1"}],"replies":[{"embeddable":true,"href":"https:\/\/www.volksschule-arnschwang.de\/index.php?rest_route=%2Fwp%2Fv2%2Fcomments&post=4352"}],"version-history":[{"count":1,"href":"https:\/\/www.volksschule-arnschwang.de\/index.php?rest_route=\/wp\/v2\/posts\/4352\/revisions"}],"predecessor-version":[{"id":4355,"href":"https:\/\/www.volksschule-arnschwang.de\/index.php?rest_route=\/wp\/v2\/posts\/4352\/revisions\/4355"}],"wp:attachment":[{"href":"https:\/\/www.volksschule-arnschwang.de\/index.php?rest_route=%2Fwp%2Fv2%2Fmedia&parent=4352"}],"wp:term":[{"taxonomy":"category","embeddable":true,"href":"https:\/\/www.volksschule-arnschwang.de\/index.php?rest_route=%2Fwp%2Fv2%2Fcategories&post=4352"},{"taxonomy":"post_tag","embeddable":true,"href":"https:\/\/www.volksschule-arnschwang.de\/index.php?rest_route=%2Fwp%2Fv2%2Ftags&post=4352"}],"curies":[{"name":"wp","href":"https:\/\/api.w.org\/{rel}","templated":true}]}}