{"id":4342,"date":"2021-07-12T11:14:47","date_gmt":"2021-07-12T10:14:47","guid":{"rendered":"https:\/\/www.volksschule-arnschwang.de\/?p=4342"},"modified":"2021-07-12T11:14:48","modified_gmt":"2021-07-12T10:14:48","slug":"egal-was-passiert-die-ersthelfer-sind-in-arnschwang-schon-da","status":"publish","type":"post","link":"https:\/\/www.volksschule-arnschwang.de\/?p=4342","title":{"rendered":"Egal, was passiert: Die Ersthelfer sind in Arnschwang schon da"},"content":{"rendered":"\n<p class=\"wp-block-paragraph\">Schulleiter Hubert&nbsp;Lauerer sprach von einem Titel, auf den die Kinder stolz sein d\u00fcrften. Und Dr. Hans Schneider, 1. stellvertretender BRK-Kreisvorsitzender, meinte vor seinen jungen Zuh\u00f6rern: \u201eWas Ihr heute feiern d\u00fcrft, ist eine ganz gro\u00dfe Sache!\u201c 18 Viertkl\u00e4ssler der Grundschule Arnschwang d\u00fcrfen sich seit Mittwoch und der \u00dcbergabe ihrer Urkunden durch das Rote Kreuz offiziell Juniorhelfer nennen.<\/p>\n\n\n\n<p class=\"wp-block-paragraph\">Dar\u00fcber hinaus unterzeichneten Lauerer und Kooperationslehrerin Simone Schreiner gemeinsam mit Schneider und Sabine Rackl, stellvertretende Leiterin der Jugendarbeit beim BRK-Kreisverband, bei einer kleinen Feierstunde eine Kooperationsvereinbarung. Mit den Unterschriften verf\u00fcgt die Grundschule Arnschwang ab sofort \u00fcber einen Schulsanit\u00e4tsdienst des Jugendrotkreuzes. Es ist der 19. seiner Art im Kreisverband Cham und der siebte an einer Grundschule.<\/p>\n\n\n\n<p class=\"wp-block-paragraph\">Schule, sagte Rektor Lauerer in seiner Begr\u00fc\u00dfung und zog eine Parallele zum Lebensalltag, funktioniere nur, wenn es Leute gebe, die sich \u00fcber die Ma\u00dfen einbr\u00e4chten und engagierten. \u201eDer Schulsanit\u00e4tsdienst und der Juniorhelfer sind ein ganz, ganz wichtiger Baustein f\u00fcr unsere Gesellschaft\u201c, betonte er.<\/p>\n\n\n\n<p class=\"wp-block-paragraph\">Dr. Hans Schneider zeigte den Kindern auf, wie wichtig es sei, \u201eganz nah\u201c bei den Menschen zu sein, die irgendwann einmal auf ihre Hilfe angewiesen sein k\u00f6nnten. \u201eIhr als Helfer seid schon vor Ort, bevor \u00fcberhaupt etwas passiert ist\u201c, umriss er das Konzept des Schulsanit\u00e4tsdiensts. Eine Minute oder zwei k\u00f6nnten sp\u00e4ter einmal dar\u00fcber entscheiden, ob ein Patient \u201egut davonkommt mit dem Leben oder nicht\u201c.<\/p>\n\n\n\n<p class=\"wp-block-paragraph\">Eine Kerbe, in die auch Referatsleiter Stefan Raab von der BRK-Kreisgesch\u00e4ftsstelle in Cham hieb. \u201eIhr seid das erste Glied der Rettungskette\u201c, sagte der Schulsanit\u00e4tsdienst-Beauftragte an die Adresse der Viertkl\u00e4ssler, die ihre Zertifikate und ihre Bef\u00e4higung als \u201eJuniorhelfer\u201c in wenigen Wochen auch an ihre weiterf\u00fchrenden Schulen mitnehmen d\u00fcrfen. Lehrgangsleiterin Sabine Rackl hatte die Kinder auf ihre T\u00e4tigkeit vorbereitet \u2013 nicht zuletzt mit einem Praxistag am Mittwoch.<\/p>\n\n\n\n<p class=\"wp-block-paragraph\">W\u00e4hrend Raab den Jungen und M\u00e4dchen die M\u00f6glichkeit aufzeigte, sich neben dem Einsatz im Schulsanit\u00e4tsdienst auch beim Jugendrotkreuz zu engagieren, ging stellvertretender Kreisgesch\u00e4ftsf\u00fchrer Dominik Lommer noch weiter. \u201eIch hoffe, dass der eine oder andere von Euch auf den Geschmack kommt\u201c, sagte der Ehrengast aus Cham, der auch Rettungsdienstleiter ist.<\/p>\n\n\n\n<p class=\"wp-block-paragraph\">Dem potenziellen Notfallsanit\u00e4ter-Nachwuchs empfahl Lommer in Arnschwang augenzwinkernd, ihn nach erfolgreich absolvierter Schullaufbahn anzurufen. \u201eDann sehen wir uns in zehn Jahren vielleicht wieder\u201c, meinte er \u2013 und erinnerte die G\u00e4ste der Feierstunde nach den zur\u00fcckliegenden Corona-Monaten daran, \u201edass die sozialen Berufe mit die wichtigsten sind\u201c.<\/p>\n\n\n\n<p class=\"wp-block-paragraph\">Ehe die frischgebackenen Schulsanit\u00e4ter aus den H\u00e4nden der Rot-Kreuz-Vertreter ihre Erstausstattung, darunter neongelbe Westen, erhielten, machte ihnen auch B\u00fcrgermeister Michael Multerer klar, wie wichtig ihr erworbenes Wissen sei. \u201eIhr habt etwas f\u00fcrs Leben gelernt \u2013 und nicht nur f\u00fcr die Schule\u201c, befand das Gemeindeoberhaupt.<\/p>\n\n\n\n<figure class=\"wp-block-image size-large\"><a href=\"https:\/\/www.volksschule-arnschwang.de\/wp-content\/uploads\/Ersthelfer.jpg\"><img loading=\"lazy\" decoding=\"async\" width=\"800\" height=\"600\" src=\"https:\/\/www.volksschule-arnschwang.de\/wp-content\/uploads\/Ersthelfer.jpg\" alt=\"\" class=\"wp-image-4343\" srcset=\"https:\/\/www.volksschule-arnschwang.de\/wp-content\/uploads\/Ersthelfer.jpg 800w, https:\/\/www.volksschule-arnschwang.de\/wp-content\/uploads\/Ersthelfer-300x225.jpg 300w, https:\/\/www.volksschule-arnschwang.de\/wp-content\/uploads\/Ersthelfer-768x576.jpg 768w, https:\/\/www.volksschule-arnschwang.de\/wp-content\/uploads\/Ersthelfer-400x300.jpg 400w\" sizes=\"auto, (max-width: 800px) 100vw, 800px\" \/><\/a><figcaption>Im Pausenhof nahmen die frischgebackenen Juniorhelfer ihre Zertifikate entgegen. Foto: Frank Betthausen, BRK<\/figcaption><\/figure>\n","protected":false},"excerpt":{"rendered":"<p>Schulleiter Hubert&nbsp;Lauerer sprach von einem Titel, auf den die Kinder stolz sein d\u00fcrften. Und Dr. Hans Schneider, 1. stellvertretender BRK-Kreisvorsitzender, meinte vor seinen jungen Zuh\u00f6rern: \u201eWas Ihr heute feiern d\u00fcrft, ist eine ganz gro\u00dfe Sache!\u201c 18 Viertkl\u00e4ssler der Grundschule Arnschwang &hellip; <a href=\"https:\/\/www.volksschule-arnschwang.de\/?p=4342\">Weiterlesen <span class=\"meta-nav\">&rarr;<\/span><\/a><\/p>\n","protected":false},"author":1,"featured_media":0,"comment_status":"closed","ping_status":"closed","sticky":false,"template":"","format":"standard","meta":{"_crdt_document":"","footnotes":""},"categories":[47],"tags":[],"class_list":["post-4342","post","type-post","status-publish","format-standard","hentry","category-berichte-2020-2021"],"publishpress_future_action":{"enabled":false,"date":"2026-05-07 05:08:55","action":"Draft","newStatus":"draft","terms":[],"taxonomy":"category","extraData":[]},"publishpress_future_workflow_manual_trigger":{"enabledWorkflows":[]},"_links":{"self":[{"href":"https:\/\/www.volksschule-arnschwang.de\/index.php?rest_route=\/wp\/v2\/posts\/4342","targetHints":{"allow":["GET"]}}],"collection":[{"href":"https:\/\/www.volksschule-arnschwang.de\/index.php?rest_route=\/wp\/v2\/posts"}],"about":[{"href":"https:\/\/www.volksschule-arnschwang.de\/index.php?rest_route=\/wp\/v2\/types\/post"}],"author":[{"embeddable":true,"href":"https:\/\/www.volksschule-arnschwang.de\/index.php?rest_route=\/wp\/v2\/users\/1"}],"replies":[{"embeddable":true,"href":"https:\/\/www.volksschule-arnschwang.de\/index.php?rest_route=%2Fwp%2Fv2%2Fcomments&post=4342"}],"version-history":[{"count":1,"href":"https:\/\/www.volksschule-arnschwang.de\/index.php?rest_route=\/wp\/v2\/posts\/4342\/revisions"}],"predecessor-version":[{"id":4344,"href":"https:\/\/www.volksschule-arnschwang.de\/index.php?rest_route=\/wp\/v2\/posts\/4342\/revisions\/4344"}],"wp:attachment":[{"href":"https:\/\/www.volksschule-arnschwang.de\/index.php?rest_route=%2Fwp%2Fv2%2Fmedia&parent=4342"}],"wp:term":[{"taxonomy":"category","embeddable":true,"href":"https:\/\/www.volksschule-arnschwang.de\/index.php?rest_route=%2Fwp%2Fv2%2Fcategories&post=4342"},{"taxonomy":"post_tag","embeddable":true,"href":"https:\/\/www.volksschule-arnschwang.de\/index.php?rest_route=%2Fwp%2Fv2%2Ftags&post=4342"}],"curies":[{"name":"wp","href":"https:\/\/api.w.org\/{rel}","templated":true}]}}