{"id":4255,"date":"2020-12-13T13:44:15","date_gmt":"2020-12-13T12:44:15","guid":{"rendered":"https:\/\/www.volksschule-arnschwang.de\/?p=4255"},"modified":"2020-12-15T12:32:55","modified_gmt":"2020-12-15T11:32:55","slug":"die-grundschule-arnschwang-ist-wieder-umweltschule-in-europa","status":"publish","type":"post","link":"https:\/\/www.volksschule-arnschwang.de\/?p=4255","title":{"rendered":"Die Grundschule Arnschwang ist wieder Umweltschule in Europa"},"content":{"rendered":"\n<p class=\"wp-block-paragraph\">Bereits zum 13. Mal in Folge wurde die Grundschule Arnschwang als Umweltschule in Europa in der h\u00f6chsten Kategorie mit drei Sternen ausgezeichnet. In einem Videoclip gratulierten Umweltminister Thorsten Glauber und Kultusminister Michael Piazolo, da die sonst \u00fcbliche Verleihungsveranstaltung der Corona-Pandemie zum Opfer fiel.<\/p>\n\n\n\n<p class=\"wp-block-paragraph\">Schwerpunkt der schulischen Umweltarbeit war es im vergangenen Jahr, mit den Sch\u00fclern*innen Ma\u00dfnahmen zum Klimaschutz durchzuf\u00fchren.<\/p>\n\n\n\n<p class=\"wp-block-paragraph\">Mit diesem Projekt besch\u00e4ftigt sich die Arnschwanger Schule nun schon seit \u00fcber zehn Jahren.<\/p>\n\n\n\n<p class=\"wp-block-paragraph\">Ausschlaggebend war nicht zuletzt die allgemeine Klimaerw\u00e4rmung. F\u00fcr die Lehrkr\u00e4fte war es sehr wichtig, dass die Sch\u00fcler*innen schon in jungen Jahren f\u00fcr diese Thematik sensibilisiert werden und lernen, dass sie durch ihr eigenes Handeln die Situation beeinflussen k\u00f6nnen.<\/p>\n\n\n\n<p class=\"wp-block-paragraph\">Dies versuchte die Schulgemeinschaft durch viele kleine oder gr\u00f6\u00dfere Aktionen zu erreichen. Wichtig ist, dass es nicht durch einmalige Aktionen, sondern durch nachhaltige Handlungen im Schulalltag erreicht wird.<\/p>\n\n\n\n<p class=\"wp-block-paragraph\">Hier die wichtigsten Ma\u00dfnahmen und Aktionen, die gemeinsam durchgef\u00fchrt wurden:<\/p>\n\n\n\n<ul class=\"wp-block-list\"><li>Alle Sch\u00fcler*innen bekommen zum Schulanfang Heftepakete aus Recycling-Papier geschn\u00fcrt.<\/li><li>Die Sch\u00fcler der 4. Jgst. verkaufen Umweltschutzhefte am schuleigenen Heftestand.<\/li><li>Es werden ausschlie\u00dflich Heftumschl\u00e4ge aus Umweltpapier benutzt.<\/li><li>Im Rahmen des Schulfruchtprogramms bekommen unsere Sch\u00fcler*innen Bioobst und -gem\u00fcse aus regionalem Anbau. Dabei bereiten die Sch\u00fcler der dritten und vierten Klasse in Eigenverantwortung das Pausenfr\u00fchst\u00fcck f\u00fcr ihre Mitsch\u00fcler zu.<\/li><li>Die Klassen streifen regelm\u00e4\u00dfig durch das Schulgel\u00e4nde und sammeln fremden Plastikm\u00fcll ein.<\/li><\/ul>\n\n\n\n<p class=\"wp-block-paragraph\">Insgesamt kann man sagen, dass die Schule fast plastikfrei ist.<\/p>\n\n\n\n<p class=\"wp-block-paragraph\">Das zweite gro\u00dfe Standbein im vergangenen Schuljahr war das Anlegen eines Krabbelpfades im Rahmen der AG Umwelt auf dem Gel\u00e4nde des LBV in N\u00f6\u00dfwartling:<\/p>\n\n\n\n<p class=\"wp-block-paragraph\">Wie sehen M\u00e4des\u00fc\u00df, Brennnessel und Johanniskraut von unten aus? Begib dich auf deine Knie und krabble den Pfad entlang. So erlebst du die Welt wie kleine Lebewesen sie sehen. Entdecke diese typischen Pflanzen- und Tierarten:<\/p>\n\n\n\n<p class=\"wp-block-paragraph\">Das haben sich die Kinder der AG Umwelt wohl durch den Kopf gehen lassen, als sie den Krabbelpfad durch die Hochstaude am LBV- Zentrum Mensch und Natur planten.<\/p>\n\n\n\n<p class=\"wp-block-paragraph\">Ein stabiler Holzunterbau, ein Korkbelag, ein Weidenbogen und am Beginn eine Informationstafel zur Tier- und Pflanzenwelt in der Hochstaude waren die Eckpunkte dieses Projektes.<\/p>\n\n\n\n<p class=\"wp-block-paragraph\">Als es dann Anfang April um die praktische Umsetzung gehen sollte, legte die Corona Pandemie alle Aktivit\u00e4ten seitens unserer Sch\u00fcler*innen auf Eis. In der Zwischenzeit haben die Mitarbeiter des LBV Zentrums in N\u00f6\u00dfwartling und die Leiterin der AG Umwelt Frau Angelika Nelson den Krabbelpfad im Groben fertig gestellt. Einige Sch\u00fcler*innen von uns haben in der Freizeit dazugeholfen. Im jetzigen Schuljahr haben die Sch\u00fcler der AG Umwelt im September und Oktober die letzten Rest- und Feinarbeiten ausgef\u00fchrt. Im Sinne der Nachhaltigkeit wurde dieses Projekt auf dem Gel\u00e4nde des LBV durchgef\u00fchrt, damit auch andere Schulklassen aus dem Landkreis den Krabbelpfad benutzen k\u00f6nnen.<\/p>\n\n\n\n<figure class=\"wp-block-gallery columns-3 is-cropped wp-block-gallery-1 is-layout-flex wp-block-gallery-is-layout-flex\"><ul class=\"blocks-gallery-grid\"><li class=\"blocks-gallery-item\"><figure><a href=\"https:\/\/www.volksschule-arnschwang.de\/wp-content\/uploads\/Umweltschule-04.jpg\"><img loading=\"lazy\" decoding=\"async\" width=\"800\" height=\"397\" src=\"https:\/\/www.volksschule-arnschwang.de\/wp-content\/uploads\/Umweltschule-04.jpg\" alt=\"\" data-id=\"4257\" data-link=\"https:\/\/www.volksschule-arnschwang.de\/?attachment_id=4257\" class=\"wp-image-4257\" srcset=\"https:\/\/www.volksschule-arnschwang.de\/wp-content\/uploads\/Umweltschule-04.jpg 800w, https:\/\/www.volksschule-arnschwang.de\/wp-content\/uploads\/Umweltschule-04-300x149.jpg 300w, https:\/\/www.volksschule-arnschwang.de\/wp-content\/uploads\/Umweltschule-04-768x381.jpg 768w, https:\/\/www.volksschule-arnschwang.de\/wp-content\/uploads\/Umweltschule-04-500x248.jpg 500w\" sizes=\"auto, (max-width: 800px) 100vw, 800px\" \/><\/a><figcaption class=\"blocks-gallery-item__caption\">dav<\/figcaption><\/figure><\/li><li class=\"blocks-gallery-item\"><figure><a href=\"https:\/\/www.volksschule-arnschwang.de\/wp-content\/uploads\/Umweltschule-03.jpg\"><img loading=\"lazy\" decoding=\"async\" width=\"379\" height=\"800\" src=\"https:\/\/www.volksschule-arnschwang.de\/wp-content\/uploads\/Umweltschule-03.jpg\" alt=\"\" data-id=\"4258\" data-link=\"https:\/\/www.volksschule-arnschwang.de\/?attachment_id=4258\" class=\"wp-image-4258\" srcset=\"https:\/\/www.volksschule-arnschwang.de\/wp-content\/uploads\/Umweltschule-03.jpg 379w, https:\/\/www.volksschule-arnschwang.de\/wp-content\/uploads\/Umweltschule-03-142x300.jpg 142w\" sizes=\"auto, (max-width: 379px) 100vw, 379px\" \/><\/a><\/figure><\/li><li class=\"blocks-gallery-item\"><figure><a href=\"https:\/\/www.volksschule-arnschwang.de\/wp-content\/uploads\/Umweltschule-02.jpg\"><img loading=\"lazy\" decoding=\"async\" width=\"800\" height=\"400\" src=\"https:\/\/www.volksschule-arnschwang.de\/wp-content\/uploads\/Umweltschule-02.jpg\" alt=\"\" data-id=\"4259\" data-link=\"https:\/\/www.volksschule-arnschwang.de\/?attachment_id=4259\" class=\"wp-image-4259\" srcset=\"https:\/\/www.volksschule-arnschwang.de\/wp-content\/uploads\/Umweltschule-02.jpg 800w, https:\/\/www.volksschule-arnschwang.de\/wp-content\/uploads\/Umweltschule-02-300x150.jpg 300w, https:\/\/www.volksschule-arnschwang.de\/wp-content\/uploads\/Umweltschule-02-768x384.jpg 768w, https:\/\/www.volksschule-arnschwang.de\/wp-content\/uploads\/Umweltschule-02-500x250.jpg 500w\" sizes=\"auto, (max-width: 800px) 100vw, 800px\" \/><\/a><figcaption class=\"blocks-gallery-item__caption\">dav<\/figcaption><\/figure><\/li><li class=\"blocks-gallery-item\"><figure><a href=\"https:\/\/www.volksschule-arnschwang.de\/wp-content\/uploads\/Umweltschule-01.jpg\"><img loading=\"lazy\" decoding=\"async\" width=\"400\" height=\"800\" src=\"https:\/\/www.volksschule-arnschwang.de\/wp-content\/uploads\/Umweltschule-01.jpg\" alt=\"\" data-id=\"4260\" data-link=\"https:\/\/www.volksschule-arnschwang.de\/?attachment_id=4260\" class=\"wp-image-4260\" srcset=\"https:\/\/www.volksschule-arnschwang.de\/wp-content\/uploads\/Umweltschule-01.jpg 400w, https:\/\/www.volksschule-arnschwang.de\/wp-content\/uploads\/Umweltschule-01-150x300.jpg 150w\" sizes=\"auto, (max-width: 400px) 100vw, 400px\" \/><\/a><figcaption class=\"blocks-gallery-item__caption\">dav<\/figcaption><\/figure><\/li><li class=\"blocks-gallery-item\"><figure><a href=\"https:\/\/www.volksschule-arnschwang.de\/wp-content\/uploads\/Umweltschule-3.jpg\"><img loading=\"lazy\" decoding=\"async\" width=\"400\" height=\"800\" src=\"https:\/\/www.volksschule-arnschwang.de\/wp-content\/uploads\/Umweltschule-3.jpg\" alt=\"\" data-id=\"4262\" data-full-url=\"https:\/\/www.volksschule-arnschwang.de\/wp-content\/uploads\/Umweltschule-3.jpg\" data-link=\"https:\/\/www.volksschule-arnschwang.de\/?attachment_id=4262\" class=\"wp-image-4262\" srcset=\"https:\/\/www.volksschule-arnschwang.de\/wp-content\/uploads\/Umweltschule-3.jpg 400w, https:\/\/www.volksschule-arnschwang.de\/wp-content\/uploads\/Umweltschule-3-150x300.jpg 150w\" sizes=\"auto, (max-width: 400px) 100vw, 400px\" \/><\/a><figcaption class=\"blocks-gallery-item__caption\">dav<\/figcaption><\/figure><\/li><\/ul><\/figure>\n","protected":false},"excerpt":{"rendered":"<p>Bereits zum 13. Mal in Folge wurde die Grundschule Arnschwang als Umweltschule in Europa in der h\u00f6chsten Kategorie mit drei Sternen ausgezeichnet. In einem Videoclip gratulierten Umweltminister Thorsten Glauber und Kultusminister Michael Piazolo, da die sonst \u00fcbliche Verleihungsveranstaltung der Corona-Pandemie &hellip; <a href=\"https:\/\/www.volksschule-arnschwang.de\/?p=4255\">Weiterlesen <span class=\"meta-nav\">&rarr;<\/span><\/a><\/p>\n","protected":false},"author":1,"featured_media":0,"comment_status":"closed","ping_status":"closed","sticky":false,"template":"","format":"standard","meta":{"_crdt_document":"","footnotes":""},"categories":[47],"tags":[],"class_list":["post-4255","post","type-post","status-publish","format-standard","hentry","category-berichte-2020-2021"],"publishpress_future_action":{"enabled":false,"date":"2026-05-07 05:12:43","action":"Draft","newStatus":"draft","terms":[],"taxonomy":"category","extraData":[]},"publishpress_future_workflow_manual_trigger":{"enabledWorkflows":[]},"_links":{"self":[{"href":"https:\/\/www.volksschule-arnschwang.de\/index.php?rest_route=\/wp\/v2\/posts\/4255","targetHints":{"allow":["GET"]}}],"collection":[{"href":"https:\/\/www.volksschule-arnschwang.de\/index.php?rest_route=\/wp\/v2\/posts"}],"about":[{"href":"https:\/\/www.volksschule-arnschwang.de\/index.php?rest_route=\/wp\/v2\/types\/post"}],"author":[{"embeddable":true,"href":"https:\/\/www.volksschule-arnschwang.de\/index.php?rest_route=\/wp\/v2\/users\/1"}],"replies":[{"embeddable":true,"href":"https:\/\/www.volksschule-arnschwang.de\/index.php?rest_route=%2Fwp%2Fv2%2Fcomments&post=4255"}],"version-history":[{"count":3,"href":"https:\/\/www.volksschule-arnschwang.de\/index.php?rest_route=\/wp\/v2\/posts\/4255\/revisions"}],"predecessor-version":[{"id":4263,"href":"https:\/\/www.volksschule-arnschwang.de\/index.php?rest_route=\/wp\/v2\/posts\/4255\/revisions\/4263"}],"wp:attachment":[{"href":"https:\/\/www.volksschule-arnschwang.de\/index.php?rest_route=%2Fwp%2Fv2%2Fmedia&parent=4255"}],"wp:term":[{"taxonomy":"category","embeddable":true,"href":"https:\/\/www.volksschule-arnschwang.de\/index.php?rest_route=%2Fwp%2Fv2%2Fcategories&post=4255"},{"taxonomy":"post_tag","embeddable":true,"href":"https:\/\/www.volksschule-arnschwang.de\/index.php?rest_route=%2Fwp%2Fv2%2Ftags&post=4255"}],"curies":[{"name":"wp","href":"https:\/\/api.w.org\/{rel}","templated":true}]}}