{"id":4048,"date":"2019-09-30T11:13:15","date_gmt":"2019-09-30T10:13:15","guid":{"rendered":"http:\/\/www.volksschule-arnschwang.de\/?p=4048"},"modified":"2019-09-30T11:13:15","modified_gmt":"2019-09-30T10:13:15","slug":"neuer-elternbeirat-an-der-grundschule-arnschwang-6","status":"publish","type":"post","link":"https:\/\/www.volksschule-arnschwang.de\/?p=4048","title":{"rendered":"Neuer Elternbeirat an der Grundschule Arnschwang"},"content":{"rendered":"\n<h2 class=\"wp-block-heading\">Doris M\u00fcnch ist wieder Vorsitzende &#8211; viele Aktivit\u00e4ten geplant<\/h2>\n\n\n\n<p class=\"wp-block-paragraph\">Nachdem bereits in der zweiten Schulwoche in allen Klassen die Elternsprecher und der neue Elternbeirat gew\u00e4hlt wurden, fand nun am letzten Mittwoch die konstituierende Sitzung des neuen Elternbeirates statt.<\/p>\n\n\n\n<p class=\"wp-block-paragraph\">Rektor\nLauerer bedankte sich bei allen Klassenelternsprechern daf\u00fcr, dass\nsie Verantwortung \u00fcbernommen haben und sich aktiv am Gestalten des\nSchullebens beteiligen wollen.<\/p>\n\n\n\n<p class=\"wp-block-paragraph\">Vorsitzende\ndes Elternbeirates ist Doris M\u00fcnch. Stellvertreterin ist Andrea\nZiesler, das Amt des Schriftf\u00fchrers bekleidet Dr. Stefan Enderlein.\nWeitere Mitglieder des neuen Elternbeirates sind Andrea Bergbauer,\nKerstin R\u00e4dlinger, Gertraud Jobst, Stefan Bindl und Felicitas\nKunisch.<\/p>\n\n\n\n<p class=\"wp-block-paragraph\">Rektor\nLauerer informierte die Elternbeir\u00e4te \u00fcber die aktuelle Situation\nan der Schule und berichtete von diversen Vorhaben, wie zum Beispiel\nden Besuch eines Theaters in Regensburg. Auch diverse Ausfl\u00fcge und\nExkursionen, genauso wie ein Wintersporttag sind wieder geplant.\nLauerer wies auf die guten Erfahrungen hin, die man in den letzten\nSchuljahren mit der Partnerklasse aus St. Gunther machte. Auch heuer\nwird eine Partnerklasse aus St. Gunther mit 9 Sch\u00fclern an der\nGrundschule Arnschwang unterrichtet und nimmt am kompletten\nSchulleben teil.<\/p>\n\n\n\n<p class=\"wp-block-paragraph\">Hubert\nLauerer berichtete, dass die Arnschwanger Schule auch in diesem\nSchuljahr wieder mit dem Pr\u00e4dikat \u201eUmweltschule in Europa\u201c\nausgezeichnet wird. Er zeigte sich ebenso wie die Elternvertreter\nsehr erfreut, dass die am Schuljahresende angebotenen\nUmweltheftpakete von den Eltern gut angenommen wurden. Die\nZusammenarbeit mit dem LBV wird auch in diesem Schuljahr intensiv\ngepflegt, so kann auch heuer wieder eine AG Umwelt gebildet werden,\ndie einmal monatlich vom LBV durchgef\u00fchrt wird. Die Schule wird auch\nweiterhin am Schulfruchtprogramm mit regionalen Bioprodukten\nteilnehmen. Doris M\u00fcnch sagte f\u00fcr den neuen Elternbeirat wieder die\nDurchf\u00fchrung von vier gro\u00dfen \u201eGesunden Pausenfr\u00fchst\u00fccken\u201c zu.<\/p>\n\n\n\n<p class=\"wp-block-paragraph\">Der\n1. Elternsprechtag wurde auf den 28. November terminiert.<\/p>\n\n\n\n<p class=\"wp-block-paragraph\">Anschlie\u00dfend unterhielt man sich noch in lockerer Runde \u00fcber weitere Aktivit\u00e4ten im laufenden Schuljahr.<\/p>\n\n\n\n<figure class=\"wp-block-image\"><img loading=\"lazy\" decoding=\"async\" width=\"800\" height=\"400\" src=\"https:\/\/www.volksschule-arnschwang.de\/wp-content\/uploads\/Elternbeirat-1.jpg\" alt=\"\" class=\"wp-image-4049\" srcset=\"https:\/\/www.volksschule-arnschwang.de\/wp-content\/uploads\/Elternbeirat-1.jpg 800w, https:\/\/www.volksschule-arnschwang.de\/wp-content\/uploads\/Elternbeirat-1-300x150.jpg 300w, https:\/\/www.volksschule-arnschwang.de\/wp-content\/uploads\/Elternbeirat-1-768x384.jpg 768w, https:\/\/www.volksschule-arnschwang.de\/wp-content\/uploads\/Elternbeirat-1-500x250.jpg 500w\" sizes=\"auto, (max-width: 800px) 100vw, 800px\" \/><\/figure>\n","protected":false},"excerpt":{"rendered":"<p>Doris M\u00fcnch ist wieder Vorsitzende &#8211; viele Aktivit\u00e4ten geplant Nachdem bereits in der zweiten Schulwoche in allen Klassen die Elternsprecher und der neue Elternbeirat gew\u00e4hlt wurden, fand nun am letzten Mittwoch die konstituierende Sitzung des neuen Elternbeirates statt. Rektor Lauerer &hellip; <a href=\"https:\/\/www.volksschule-arnschwang.de\/?p=4048\">Weiterlesen <span class=\"meta-nav\">&rarr;<\/span><\/a><\/p>\n","protected":false},"author":1,"featured_media":0,"comment_status":"closed","ping_status":"closed","sticky":false,"template":"","format":"standard","meta":{"_crdt_document":"","footnotes":""},"categories":[46],"tags":[],"class_list":["post-4048","post","type-post","status-publish","format-standard","hentry","category-berichte-2019-2020"],"publishpress_future_action":{"enabled":false,"date":"2026-05-07 06:39:31","action":"Draft","newStatus":"draft","terms":[],"taxonomy":"category","extraData":[]},"publishpress_future_workflow_manual_trigger":{"enabledWorkflows":[]},"_links":{"self":[{"href":"https:\/\/www.volksschule-arnschwang.de\/index.php?rest_route=\/wp\/v2\/posts\/4048","targetHints":{"allow":["GET"]}}],"collection":[{"href":"https:\/\/www.volksschule-arnschwang.de\/index.php?rest_route=\/wp\/v2\/posts"}],"about":[{"href":"https:\/\/www.volksschule-arnschwang.de\/index.php?rest_route=\/wp\/v2\/types\/post"}],"author":[{"embeddable":true,"href":"https:\/\/www.volksschule-arnschwang.de\/index.php?rest_route=\/wp\/v2\/users\/1"}],"replies":[{"embeddable":true,"href":"https:\/\/www.volksschule-arnschwang.de\/index.php?rest_route=%2Fwp%2Fv2%2Fcomments&post=4048"}],"version-history":[{"count":1,"href":"https:\/\/www.volksschule-arnschwang.de\/index.php?rest_route=\/wp\/v2\/posts\/4048\/revisions"}],"predecessor-version":[{"id":4050,"href":"https:\/\/www.volksschule-arnschwang.de\/index.php?rest_route=\/wp\/v2\/posts\/4048\/revisions\/4050"}],"wp:attachment":[{"href":"https:\/\/www.volksschule-arnschwang.de\/index.php?rest_route=%2Fwp%2Fv2%2Fmedia&parent=4048"}],"wp:term":[{"taxonomy":"category","embeddable":true,"href":"https:\/\/www.volksschule-arnschwang.de\/index.php?rest_route=%2Fwp%2Fv2%2Fcategories&post=4048"},{"taxonomy":"post_tag","embeddable":true,"href":"https:\/\/www.volksschule-arnschwang.de\/index.php?rest_route=%2Fwp%2Fv2%2Ftags&post=4048"}],"curies":[{"name":"wp","href":"https:\/\/api.w.org\/{rel}","templated":true}]}}