{"id":4032,"date":"2019-08-02T11:28:13","date_gmt":"2019-08-02T10:28:13","guid":{"rendered":"http:\/\/www.volksschule-arnschwang.de\/?p=4032"},"modified":"2019-08-02T11:28:13","modified_gmt":"2019-08-02T10:28:13","slug":"schueler-der-4-klasse-und-kinder-der-partnerklasse-st-gunther-verabschiedet","status":"publish","type":"post","link":"https:\/\/www.volksschule-arnschwang.de\/?p=4032","title":{"rendered":"Sch\u00fcler der 4. Klasse und Kinder der Partnerklasse St. Gunther verabschiedet"},"content":{"rendered":"\n<h2 class=\"wp-block-heading\">Gedenkminute f\u00fcr verstorbenen Mitsch\u00fcler Matthias Neumaier<\/h2>\n\n\n\n<p class=\"wp-block-paragraph\">Beim Abschlussgottesdienst der Grundschule Arnschwang wurden die Kinder der 4. Klasse sowie 4 Sch\u00fcler der Partnerklasse St. Gunther feierlich verabschiedet. Religionslehrerin Claudia Preischl gestaltete zusammen mit Sch\u00fclern und Pfarrer Joseph Kata den Abschlussgottesdienst mit. Die Pfarrspatzen unter der Leitung von Kornelia Bachl \u2013 Adler sorgten f\u00fcr die musikalische Gestaltung.<\/p>\n\n\n\n<p class=\"wp-block-paragraph\">\u201eGeschafft \u2013 Endlich vor\u00fcber!\u201c so Claudia Preischl zur Begr\u00fc\u00dfung. Man wolle Gott danken f\u00fcr das abgelaufene Schuljahr. Kinder der Grundschule und der Partnerklasse wurden bei den F\u00fcrbitten sowie einer Lesungsgeschichte aktiv mit einbezogen.<\/p>\n\n\n\n<p class=\"wp-block-paragraph\">Mit Gegenst\u00e4nden, die symbolisch an das abgelaufene Jahr erinnerten dankten Sch\u00fcler der 4. Klasse  und packten diese in einen Koffer. Mit den Kindern der Partnerklasse habe man viel gemacht und wertvolle Erkenntnisse erhalten. Beim \u201eVater unser\u201c versammelten sich die Viertkl\u00e4ssler noch einmal gemeinsam um den Altar.<\/p>\n\n\n\n<p class=\"wp-block-paragraph\">Am Ende des Gottesdienstes blickte Rektor Hubert  Lauerer auf das abgelaufene Jahr zur\u00fcck. Viel habe sich ereignet. Besondere Dankesworte richtete er vor allem an Wenzl Peschik, den Schulopa, der den Kindern sehr viel bedeute, an das Reinigungspersonal, die Eltern, den Elternbeirat, stellvertretend an Doris M\u00fcnch,  f\u00fcr ein sehr harmonisches Jahr, an Kornelia Bachl-Adler, an Pfarrer Joseph Kata  und an das Kollegium, auf das immer Verlass war.<\/p>\n\n\n\n<p class=\"wp-block-paragraph\">In einer Gedenkminute gedachte man des verstorbenen Erstklasssch\u00fclers Matthias Neumaier. Jeder Sch\u00fcler sandte dabei zum Gedenken einen lieben Gedanken.<\/p>\n\n\n\n<p class=\"wp-block-paragraph\">Nach vier gemeinsamen Jahren m\u00fcsse man nun Abschied nehmen, so Rektor Lauerer. Man sei etwas traurig von den  4 Sternen Simon, Adam, Tamara und Max der Partnerklasse von St. Gunther sowie von 17 Kindern der 4. Klasse Abschied nehmen zu m\u00fcssen. Kurz blickte er auf die Zeit zur\u00fcck. Katja Stoiber, Frau Sp\u00e4th, Frau Perlinger, Herr Gr\u00f6bner und am Schluss er selbst h\u00e4tten die Kinder als Lehrkr\u00e4fte begleitet und zu einem  Klassenorchester geformt. Anfangs gab es in der Klasse laute Pauken, Trompeten und Geigen, freche Klarinetten aber auch leise Instrumente. Alle h\u00e4tten sich aber angepasst und seien zu einem sch\u00f6nen, wohlklingenden Orchester geworden. Aus Gruppen von Einzelnen sei eine richtige Gruppe geworden. F\u00fcr die Zukunft im Gymnasium, der Realschule und der Mittelschule in Cham, Bad K\u00f6tzting oder Furth i. Wald  w\u00fcnschte er jedem alles Gute.<\/p>\n\n\n\n<p class=\"wp-block-paragraph\">Doris M\u00fcnch \u00fcberreichte  abschlie\u00dfend noch ein kleines Pr\u00e4sent, einen Schl\u00fcsselanh\u00e4nger mit Schullogo zur Erinnerung.<\/p>\n\n\n\n<p class=\"wp-block-paragraph\">Rektor Lauerer verabschiedete zudem die Referendarin Laura Forster, die im kommenden Jahr an der GS Furth i. Wald ihr 2. Staatsexamen machen wird. Auch Katrin M\u00fchlbauer, die Elternvertreterin der 4. Klasse sprach Dankesworte. Dabei verwies sie besonders darauf, wie wertvoll die Sch\u00fcler seien. Gro\u00dfes Kompliment geb\u00fchre den Lehrkr\u00e4ften f\u00fcr ihr gro\u00dfes Engagement. Mit je einer Rose bedankten sich abschlie\u00dfend Sch\u00fcler der einzelnen Klassen bei ihren Lehrern Frau Perlinger, Frau Hutter, Frau Hartl, Herrn Lauerer, Frau Preischl und Frau Grass.<\/p>\n\n\n\n<p class=\"wp-block-paragraph\">Pfarrer Joseph Kata segnete abschlie\u00dfend noch jedes Kind der Abschiedsklasse und w\u00fcnschte alles Gute und sch\u00f6ne Ferien. Nach dem Gottesdienst und der Zeugnisverleihung starteten die Kinder in die wohlverdienten Ferien.<\/p>\n\n\n\n<figure class=\"wp-block-image\"><a href=\"https:\/\/www.volksschule-arnschwang.de\/wp-content\/uploads\/4.Klasse.jpg\"><img loading=\"lazy\" decoding=\"async\" width=\"800\" height=\"600\" src=\"https:\/\/www.volksschule-arnschwang.de\/wp-content\/uploads\/4.Klasse.jpg\" alt=\"\" class=\"wp-image-4034\" srcset=\"https:\/\/www.volksschule-arnschwang.de\/wp-content\/uploads\/4.Klasse.jpg 800w, https:\/\/www.volksschule-arnschwang.de\/wp-content\/uploads\/4.Klasse-300x225.jpg 300w, https:\/\/www.volksschule-arnschwang.de\/wp-content\/uploads\/4.Klasse-768x576.jpg 768w, https:\/\/www.volksschule-arnschwang.de\/wp-content\/uploads\/4.Klasse-400x300.jpg 400w\" sizes=\"auto, (max-width: 800px) 100vw, 800px\" \/><\/a><figcaption>Sch\u00fcler  der 4 Klasse zusammen mit 4 Kindern der Partnerklasse, Pfarrer Kata,  Doris M\u00fcnch, Rektor Hubert Lauerer und Referendarin Laura Forster  (hinten von links nach rechts) <\/figcaption><\/figure>\n\n\n\n<figure class=\"wp-block-image\"><a href=\"https:\/\/www.volksschule-arnschwang.de\/wp-content\/uploads\/Dank-an-Rektor-Lauerer.jpg\"><img loading=\"lazy\" decoding=\"async\" width=\"800\" height=\"600\" src=\"https:\/\/www.volksschule-arnschwang.de\/wp-content\/uploads\/Dank-an-Rektor-Lauerer.jpg\" alt=\"\" class=\"wp-image-4035\" srcset=\"https:\/\/www.volksschule-arnschwang.de\/wp-content\/uploads\/Dank-an-Rektor-Lauerer.jpg 800w, https:\/\/www.volksschule-arnschwang.de\/wp-content\/uploads\/Dank-an-Rektor-Lauerer-300x225.jpg 300w, https:\/\/www.volksschule-arnschwang.de\/wp-content\/uploads\/Dank-an-Rektor-Lauerer-768x576.jpg 768w, https:\/\/www.volksschule-arnschwang.de\/wp-content\/uploads\/Dank-an-Rektor-Lauerer-400x300.jpg 400w\" sizes=\"auto, (max-width: 800px) 100vw, 800px\" \/><\/a><figcaption>Elternbeirat und Sch\u00fcler der 4. Klasse dankten Rektor Hubert Lauerer<\/figcaption><\/figure>\n\n\n\n<figure class=\"wp-block-image\"><a href=\"https:\/\/www.volksschule-arnschwang.de\/wp-content\/uploads\/Leher-Sch\u00fcler-Elternbeirat-und-Pfarrer-Kata.jpg\"><img loading=\"lazy\" decoding=\"async\" width=\"800\" height=\"600\" src=\"https:\/\/www.volksschule-arnschwang.de\/wp-content\/uploads\/Leher-Sch\u00fcler-Elternbeirat-und-Pfarrer-Kata.jpg\" alt=\"\" class=\"wp-image-4036\" srcset=\"https:\/\/www.volksschule-arnschwang.de\/wp-content\/uploads\/Leher-Sch\u00fcler-Elternbeirat-und-Pfarrer-Kata.jpg 800w, https:\/\/www.volksschule-arnschwang.de\/wp-content\/uploads\/Leher-Sch\u00fcler-Elternbeirat-und-Pfarrer-Kata-300x225.jpg 300w, https:\/\/www.volksschule-arnschwang.de\/wp-content\/uploads\/Leher-Sch\u00fcler-Elternbeirat-und-Pfarrer-Kata-768x576.jpg 768w, https:\/\/www.volksschule-arnschwang.de\/wp-content\/uploads\/Leher-Sch\u00fcler-Elternbeirat-und-Pfarrer-Kata-400x300.jpg 400w\" sizes=\"auto, (max-width: 800px) 100vw, 800px\" \/><\/a><figcaption>Pfarrer Joseph Kata, Lehrer, Elternbeir\u00e4te und die verabschiedeten Kinder der 4. Klasse und der Partnerklasse. <\/figcaption><\/figure>\n","protected":false},"excerpt":{"rendered":"<p>Gedenkminute f\u00fcr verstorbenen Mitsch\u00fcler Matthias Neumaier Beim Abschlussgottesdienst der Grundschule Arnschwang wurden die Kinder der 4. Klasse sowie 4 Sch\u00fcler der Partnerklasse St. Gunther feierlich verabschiedet. Religionslehrerin Claudia Preischl gestaltete zusammen mit Sch\u00fclern und Pfarrer Joseph Kata den Abschlussgottesdienst mit. &hellip; <a href=\"https:\/\/www.volksschule-arnschwang.de\/?p=4032\">Weiterlesen <span class=\"meta-nav\">&rarr;<\/span><\/a><\/p>\n","protected":false},"author":1,"featured_media":0,"comment_status":"closed","ping_status":"closed","sticky":false,"template":"","format":"standard","meta":{"_crdt_document":"","footnotes":""},"categories":[45],"tags":[],"class_list":["post-4032","post","type-post","status-publish","format-standard","hentry","category-berichte-2018-2019"],"publishpress_future_action":{"enabled":false,"date":"2026-05-08 14:05:10","action":"Draft","newStatus":"draft","terms":[],"taxonomy":"category","extraData":[]},"publishpress_future_workflow_manual_trigger":{"enabledWorkflows":[]},"_links":{"self":[{"href":"https:\/\/www.volksschule-arnschwang.de\/index.php?rest_route=\/wp\/v2\/posts\/4032","targetHints":{"allow":["GET"]}}],"collection":[{"href":"https:\/\/www.volksschule-arnschwang.de\/index.php?rest_route=\/wp\/v2\/posts"}],"about":[{"href":"https:\/\/www.volksschule-arnschwang.de\/index.php?rest_route=\/wp\/v2\/types\/post"}],"author":[{"embeddable":true,"href":"https:\/\/www.volksschule-arnschwang.de\/index.php?rest_route=\/wp\/v2\/users\/1"}],"replies":[{"embeddable":true,"href":"https:\/\/www.volksschule-arnschwang.de\/index.php?rest_route=%2Fwp%2Fv2%2Fcomments&post=4032"}],"version-history":[{"count":2,"href":"https:\/\/www.volksschule-arnschwang.de\/index.php?rest_route=\/wp\/v2\/posts\/4032\/revisions"}],"predecessor-version":[{"id":4037,"href":"https:\/\/www.volksschule-arnschwang.de\/index.php?rest_route=\/wp\/v2\/posts\/4032\/revisions\/4037"}],"wp:attachment":[{"href":"https:\/\/www.volksschule-arnschwang.de\/index.php?rest_route=%2Fwp%2Fv2%2Fmedia&parent=4032"}],"wp:term":[{"taxonomy":"category","embeddable":true,"href":"https:\/\/www.volksschule-arnschwang.de\/index.php?rest_route=%2Fwp%2Fv2%2Fcategories&post=4032"},{"taxonomy":"post_tag","embeddable":true,"href":"https:\/\/www.volksschule-arnschwang.de\/index.php?rest_route=%2Fwp%2Fv2%2Ftags&post=4032"}],"curies":[{"name":"wp","href":"https:\/\/api.w.org\/{rel}","templated":true}]}}