{"id":3872,"date":"2018-12-17T21:51:08","date_gmt":"2018-12-17T20:51:08","guid":{"rendered":"http:\/\/www.volksschule-arnschwang.de\/?p=3872"},"modified":"2019-02-21T12:27:05","modified_gmt":"2019-02-21T11:27:05","slug":"weihnachtsfeier-an-der-grundschule-arnschwang","status":"publish","type":"post","link":"https:\/\/www.volksschule-arnschwang.de\/?p=3872","title":{"rendered":"Weihnachtsfeier an der Grundschule Arnschwang"},"content":{"rendered":"\n<p class=\"wp-block-paragraph\"><strong>GS Arnschwang stimmte \u00a0beeindruckend auf Weihnachtszeit ein. Sch\u00fclerinnen und Sch\u00fcler zeigten gro\u00dfartige Leistungen<\/strong><\/p>\n\n\n\n<p class=\"wp-block-paragraph\">Traditionell lud auch in diesem Jahr die Grundschule Arnschwang zur Weihnachtsfeier ein. Eine volle Mehrzweckhalle\u00a0 gab der bemerkenswerten Weihnachtsfeier \u00a0den entsprechenden Rahmen. Mit Liedern der einzelnen Klassen, Solo-Instrumentalbeitr\u00e4gen verschiedener Sch\u00fcler und einem eindrucksvollen Lichtertanz \u00a0beeindruckten die Kinder wie auch in den vergangenen Jahren. Mit gro\u00dfem Applaus wurden sie belohnt. Viele Ehreng\u00e4ste, Eltern und Gro\u00dfeltern waren in die Mehrzweckhalle gekommen. <\/p>\n\n\n\n<p class=\"wp-block-paragraph\">Nach der musikalischen Begr\u00fc\u00dfung mit dem Lied \u201eAdvent, Advent, Advent\u201c konnte Rektor Hubert Lauerer neben ehemaligen Kollegen Pfarrer Joseph Kata, PGR Sprecherin Karin B\u00fccherl, 1. B\u00fcrgermeister Michael Multerer mit Gattin, Gemeinder\u00e4te, Vertreter des LBV, der DJK und der Literaturm\u00fchle, die gesamte Schulfamilie, den Elternbeirat,\u00a0Alois Schreiner sowie eine gro\u00dfe Anzahl von Eltern und Gro\u00dfeltern\u00a0begr\u00fc\u00dfen. \u00dcber den gro\u00dfartigen Besuch sei man sehr stolz, die gro\u00dfe Zahl von G\u00e4sten zeige die Verbundenheit zur Grundschule Arnschwang. <\/p>\n\n\n\n<p class=\"wp-block-paragraph\">Advent sei nicht mehr die Zeit der Stille, Advent sei die Hochzeit des Konsums geworden. Nur noch Geld z\u00e4hle. Dabei sei der Advent die Zeit des Wartens auf das Christkind. Mit der Adventfeier wolle man Einfaches und Schlichtes in den Mittelpunkt stellen und die Besucher auf das Weihnachtsfest einstimmen, so Rektor Hubert Lauerer. Im Anschluss boten die Kinder wieder ein bemerkenswertes Programm. Dabei verdienen sich neben den Sch\u00fclerinnen und Sch\u00fclern der Grundschule sowie der Partnerklasse von Sankt Gunther f\u00fcr ihre gesangliche Leistungen vor allem auch Amanda M\u00fcller und Paul Werner, die gekonnt durch das Programm f\u00fchrten, gro\u00dfe Anerkennung.<\/p>\n\n\n\n<p class=\"wp-block-paragraph\">Nach\n dem Lied der 2. Klasse und der GS 1 \u201eZ\u00fcnd ein Licht an\u201c folgte das \nGedicht der 1. Klasse \u201eTiere an der Krippe\u201c, das szenisch mit sch\u00f6nen \nKost\u00fcmen dargestellt wurde. <\/p>\n\n\n\n<p class=\"wp-block-paragraph\">Mit\n ihren Solo-Instrumentalbeitr\u00e4ge zeigten Margarete Czirak (Geige), \nMatvej Czirak (Gitarre und Fl\u00f6te), Sandra Hierstetter (Gitarre), Max \nSp\u00e4th (Geige), Ludwig Buhl (Keyboard), Paul Werner (Keyboard sowie \nCarmen und Amanda M\u00fcller (Fl\u00f6te), was sie schon alles gelernt hatten.<\/p>\n\n\n\n<p class=\"wp-block-paragraph\">Nach einem stimmungsvollen Kerzentanz der 3. Klasse \u00fcbergaben die beiden Moderatoren Amanda und Paul an Pfarrer Joseph Kata f\u00fcr das Patenkind in Indien und an Alois Schreiner, f\u00fcr die Missionsarbeit in Kilimahewa in Tansania\/Afrika im Namen der Schule den Erl\u00f6s, der beim Weihnachtsmarkt des LBV erzielt werden konnte, als Spende. Dies sei schon viele Jahre Tradition, denn seit Jahren w\u00fcrden 2 Personen, n\u00e4mlich Pfarrer Kata und Alois Schreiner ihre Kr\u00e4fte f\u00fcr die \u00c4rmsten widmen, so die beiden Moderatoren.<\/p>\n\n\n\n<p class=\"wp-block-paragraph\">Pfarrer Kata gratulierte den Kindern zu ihrer gro\u00dfartigen Leistung und dankte herzlich f\u00fcr die Spende, die in Projekte zweier Kontinente in Asien und Afrika flie\u00dfen. Auch Alois Schreiner dankte im Namen der Kinder von Kilimahewa. Er werde alles selbst \u00fcberbringen und dadurch viel Hilfe und Freude bringen.<\/p>\n\n\n\n<p class=\"wp-block-paragraph\">Nach dem Lied der 4. Klasse \u201eStern \u00fcber Bethlehem\u201c, \u00a0mit \u201eLichtgedanken\u201c sowie den Liedern der AG Chor \u201eMacht euch bereit\u201c und \u201eFeliz Navidad\u201c sowie dem abschlie\u00dfenden Lied \u201eEin Stern steht hoch am Himmelszelt\u201c, das alle Sch\u00fclerinnen und Sch\u00fcler anstimmten, dankte Rektor Lauerer den Kindern f\u00fcr ihre gro\u00dfartigen Leistungen und den Besuchern f\u00fcr ihr Kommen. Mit einem Blumenstrau\u00df dankte er stellvertretend f\u00fcr alle Kollegen Isabella Hartl, die die musikalische Gesamtleitung inne hatte. Weitere Dankesworte richtete er noch an den Elternbeirat, die Bauhofmitarbeiter und an das Reinigungspersonal. <\/p>\n\n\n\n<p class=\"wp-block-paragraph\">Auch\n B\u00fcrgermeister Michael Multerer dankte der gesamten Schulfamilie f\u00fcr die\n sch\u00f6ne Adventsfeier. Durch die wunderbaren Beitr\u00e4ge habe man gesehen, \nwas in der Schule geleistet w\u00fcrde. Er w\u00fcnschte abschlie\u00dfend ein frohes \nWeihnachtsfest. Alle G\u00e4ste &nbsp;wurden anschlie\u00dfend in die Aula geladen, in \nder der Elternbeirat f\u00fcr beste Bewirtung sorgte. <\/p>\n\n\n\n<p class=\"wp-block-paragraph\"><br \/><\/p>\n\n\n\n<ul class=\"wp-block-gallery columns-3 is-cropped wp-block-gallery-1 is-layout-flex wp-block-gallery-is-layout-flex\"><li class=\"blocks-gallery-item\"><figure><a href=\"http:\/\/www.volksschule-arnschwang.de\/wp-content\/uploads\/Weihnachtsfeier3.jpg\"><img loading=\"lazy\" decoding=\"async\" width=\"800\" height=\"600\" src=\"http:\/\/www.volksschule-arnschwang.de\/wp-content\/uploads\/Weihnachtsfeier3.jpg\" alt=\"\" data-id=\"3873\" data-link=\"http:\/\/www.volksschule-arnschwang.de\/?attachment_id=3873\" class=\"wp-image-3873\" srcset=\"https:\/\/www.volksschule-arnschwang.de\/wp-content\/uploads\/Weihnachtsfeier3.jpg 800w, https:\/\/www.volksschule-arnschwang.de\/wp-content\/uploads\/Weihnachtsfeier3-300x225.jpg 300w, https:\/\/www.volksschule-arnschwang.de\/wp-content\/uploads\/Weihnachtsfeier3-768x576.jpg 768w, https:\/\/www.volksschule-arnschwang.de\/wp-content\/uploads\/Weihnachtsfeier3-400x300.jpg 400w\" sizes=\"auto, (max-width: 800px) 100vw, 800px\" \/><\/a><\/figure><\/li><li class=\"blocks-gallery-item\"><figure><a href=\"http:\/\/www.volksschule-arnschwang.de\/wp-content\/uploads\/Weihnachtsfeier2.jpg\"><img loading=\"lazy\" decoding=\"async\" width=\"800\" height=\"600\" src=\"http:\/\/www.volksschule-arnschwang.de\/wp-content\/uploads\/Weihnachtsfeier2.jpg\" alt=\"\" data-id=\"3874\" data-link=\"http:\/\/www.volksschule-arnschwang.de\/?attachment_id=3874\" class=\"wp-image-3874\" srcset=\"https:\/\/www.volksschule-arnschwang.de\/wp-content\/uploads\/Weihnachtsfeier2.jpg 800w, https:\/\/www.volksschule-arnschwang.de\/wp-content\/uploads\/Weihnachtsfeier2-300x225.jpg 300w, https:\/\/www.volksschule-arnschwang.de\/wp-content\/uploads\/Weihnachtsfeier2-768x576.jpg 768w, https:\/\/www.volksschule-arnschwang.de\/wp-content\/uploads\/Weihnachtsfeier2-400x300.jpg 400w\" sizes=\"auto, (max-width: 800px) 100vw, 800px\" \/><\/a><\/figure><\/li><li class=\"blocks-gallery-item\"><figure><a href=\"http:\/\/www.volksschule-arnschwang.de\/wp-content\/uploads\/Weihnachtsfeier1.jpg\"><img loading=\"lazy\" decoding=\"async\" width=\"800\" height=\"600\" src=\"http:\/\/www.volksschule-arnschwang.de\/wp-content\/uploads\/Weihnachtsfeier1.jpg\" alt=\"\" data-id=\"3875\" data-link=\"http:\/\/www.volksschule-arnschwang.de\/?attachment_id=3875\" class=\"wp-image-3875\" srcset=\"https:\/\/www.volksschule-arnschwang.de\/wp-content\/uploads\/Weihnachtsfeier1.jpg 800w, https:\/\/www.volksschule-arnschwang.de\/wp-content\/uploads\/Weihnachtsfeier1-300x225.jpg 300w, https:\/\/www.volksschule-arnschwang.de\/wp-content\/uploads\/Weihnachtsfeier1-768x576.jpg 768w, https:\/\/www.volksschule-arnschwang.de\/wp-content\/uploads\/Weihnachtsfeier1-400x300.jpg 400w\" sizes=\"auto, (max-width: 800px) 100vw, 800px\" \/><\/a><\/figure><\/li><li class=\"blocks-gallery-item\"><figure><a href=\"http:\/\/www.volksschule-arnschwang.de\/wp-content\/uploads\/Spenden\u00fcbergabe.jpg\"><img loading=\"lazy\" decoding=\"async\" width=\"800\" height=\"600\" src=\"http:\/\/www.volksschule-arnschwang.de\/wp-content\/uploads\/Spenden\u00fcbergabe.jpg\" alt=\"\" data-id=\"3876\" data-link=\"http:\/\/www.volksschule-arnschwang.de\/?attachment_id=3876\" class=\"wp-image-3876\" srcset=\"https:\/\/www.volksschule-arnschwang.de\/wp-content\/uploads\/Spenden\u00fcbergabe.jpg 800w, https:\/\/www.volksschule-arnschwang.de\/wp-content\/uploads\/Spenden\u00fcbergabe-300x225.jpg 300w, https:\/\/www.volksschule-arnschwang.de\/wp-content\/uploads\/Spenden\u00fcbergabe-768x576.jpg 768w, https:\/\/www.volksschule-arnschwang.de\/wp-content\/uploads\/Spenden\u00fcbergabe-400x300.jpg 400w\" sizes=\"auto, (max-width: 800px) 100vw, 800px\" \/><\/a><\/figure><\/li><li class=\"blocks-gallery-item\"><figure><a href=\"http:\/\/www.volksschule-arnschwang.de\/wp-content\/uploads\/Dank-an-die-Moderatoren.jpg\"><img loading=\"lazy\" decoding=\"async\" width=\"800\" height=\"600\" src=\"http:\/\/www.volksschule-arnschwang.de\/wp-content\/uploads\/Dank-an-die-Moderatoren.jpg\" alt=\"\" data-id=\"3877\" data-link=\"http:\/\/www.volksschule-arnschwang.de\/?attachment_id=3877\" class=\"wp-image-3877\" srcset=\"https:\/\/www.volksschule-arnschwang.de\/wp-content\/uploads\/Dank-an-die-Moderatoren.jpg 800w, https:\/\/www.volksschule-arnschwang.de\/wp-content\/uploads\/Dank-an-die-Moderatoren-300x225.jpg 300w, https:\/\/www.volksschule-arnschwang.de\/wp-content\/uploads\/Dank-an-die-Moderatoren-768x576.jpg 768w, https:\/\/www.volksschule-arnschwang.de\/wp-content\/uploads\/Dank-an-die-Moderatoren-400x300.jpg 400w\" sizes=\"auto, (max-width: 800px) 100vw, 800px\" \/><\/a><\/figure><\/li><\/ul>\n","protected":false},"excerpt":{"rendered":"<p>GS Arnschwang stimmte \u00a0beeindruckend auf Weihnachtszeit ein. Sch\u00fclerinnen und Sch\u00fcler zeigten gro\u00dfartige Leistungen Traditionell lud auch in diesem Jahr die Grundschule Arnschwang zur Weihnachtsfeier ein. Eine volle Mehrzweckhalle\u00a0 gab der bemerkenswerten Weihnachtsfeier \u00a0den entsprechenden Rahmen. Mit Liedern der einzelnen Klassen, &hellip; <a href=\"https:\/\/www.volksschule-arnschwang.de\/?p=3872\">Weiterlesen <span class=\"meta-nav\">&rarr;<\/span><\/a><\/p>\n","protected":false},"author":1,"featured_media":0,"comment_status":"closed","ping_status":"closed","sticky":false,"template":"","format":"standard","meta":{"_crdt_document":"","footnotes":""},"categories":[45],"tags":[],"class_list":["post-3872","post","type-post","status-publish","format-standard","hentry","category-berichte-2018-2019"],"publishpress_future_action":{"enabled":false,"date":"2026-05-08 14:55:51","action":"Draft","newStatus":"draft","terms":[],"taxonomy":"category","extraData":[]},"publishpress_future_workflow_manual_trigger":{"enabledWorkflows":[]},"_links":{"self":[{"href":"https:\/\/www.volksschule-arnschwang.de\/index.php?rest_route=\/wp\/v2\/posts\/3872","targetHints":{"allow":["GET"]}}],"collection":[{"href":"https:\/\/www.volksschule-arnschwang.de\/index.php?rest_route=\/wp\/v2\/posts"}],"about":[{"href":"https:\/\/www.volksschule-arnschwang.de\/index.php?rest_route=\/wp\/v2\/types\/post"}],"author":[{"embeddable":true,"href":"https:\/\/www.volksschule-arnschwang.de\/index.php?rest_route=\/wp\/v2\/users\/1"}],"replies":[{"embeddable":true,"href":"https:\/\/www.volksschule-arnschwang.de\/index.php?rest_route=%2Fwp%2Fv2%2Fcomments&post=3872"}],"version-history":[{"count":2,"href":"https:\/\/www.volksschule-arnschwang.de\/index.php?rest_route=\/wp\/v2\/posts\/3872\/revisions"}],"predecessor-version":[{"id":3879,"href":"https:\/\/www.volksschule-arnschwang.de\/index.php?rest_route=\/wp\/v2\/posts\/3872\/revisions\/3879"}],"wp:attachment":[{"href":"https:\/\/www.volksschule-arnschwang.de\/index.php?rest_route=%2Fwp%2Fv2%2Fmedia&parent=3872"}],"wp:term":[{"taxonomy":"category","embeddable":true,"href":"https:\/\/www.volksschule-arnschwang.de\/index.php?rest_route=%2Fwp%2Fv2%2Fcategories&post=3872"},{"taxonomy":"post_tag","embeddable":true,"href":"https:\/\/www.volksschule-arnschwang.de\/index.php?rest_route=%2Fwp%2Fv2%2Ftags&post=3872"}],"curies":[{"name":"wp","href":"https:\/\/api.w.org\/{rel}","templated":true}]}}