{"id":3734,"date":"2018-05-16T11:51:11","date_gmt":"2018-05-16T10:51:11","guid":{"rendered":"http:\/\/www.volksschule-arnschwang.de\/?p=3734"},"modified":"2018-05-16T11:51:21","modified_gmt":"2018-05-16T10:51:21","slug":"die-grundschule-arnschwang-auf-grosser-fahrt","status":"publish","type":"post","link":"https:\/\/www.volksschule-arnschwang.de\/?p=3734","title":{"rendered":"Die Grundschule Arnschwang auf gro\u00dfer Fahrt"},"content":{"rendered":"<p><strong>3. und 4. Klasse verbringen drei Tage in der Jugendherberge Waldh\u00e4user<\/strong><\/p>\n<p>Koffer gepackt? Dann geht`s los. An der Grundschule Arnschwang steigt die Aufregung. Voller Vorfreude stiegen wir am Montag-Vormittag in den Bus. Nach knapp zwei Stunden waren wir endlich am Ziel, die Jugendherberge in Waldh\u00e4user bei Neusch\u00f6nau war erreicht. Wir luden schnell unser Gep\u00e4ck aus und holten uns das schon bereitgestellte Lunchpaket. Dann ging es sofort weiter in den Bayerischen Nationalpark. Bei Bilderbuchwetter erkundeten wir zuerst den Baumwipfelpfad. Beeindruckend wie hoch die B\u00e4ume in den Himmel wuchsen. Manche B\u00e4ume konnten wir mit den blo\u00dfen H\u00e4nden hin und her schaukeln. Zum Schluss bestiegen wir das \u201eEi\u201c, eine tolle Holzkonstruktion, die oben mit einer Aussichtsplattform endete. Es bot sich uns ein fantastischer Rundblick \u00fcber die Bergwelt im Bayerischen Wald. Weil es es sehr zugig war, hielten wir es nicht lange oben aus. Nun gingen wir direkt in das Freigehege und wir hofften viele Tiere, die dort in gro\u00dfen Gehegen lebten, zu sehen. Und tats\u00e4chlich, wir hatten Riesengl\u00fcck! Bis auf die Luchse, die sich anscheinend gut versteckt hatten, konnten wir alle Tiere beobachten. Wisente, Wildschweine, verschiedene V\u00f6gel, Wildkatzen und Eulen. Besonders beeindruckend war das Wolfsgehege. Wir kamen gerade zur F\u00fctterungszeit und konnten diese wundersch\u00f6nen Tiere hautnah beobachten. Nun war es Zeit, sich wieder auf den R\u00fcckweg in die Jugendherberge zu machen. Vorher spendierten uns unsere Lehrer aber noch ein Eis. Lecker! In der Jugendherberge konnten wir nun in unsere Zimmer und mussten sogar die Betten selber beziehen. Dann gab es Abendessen, Gulasch mit Nudeln. Am Abend trafen wir uns alle im Gruppenraum und spielten verschiedene Spiele miteinander. Um 9 Uhr durften wir in unsere Zimmer. Lange konnten wir nicht einschlafen. Ein anstrengender Tag, aber wir freuten uns schon auf morgen.<\/p>\n<p>Nach dem Fr\u00fchst\u00fcck gings auch schon los in Richtung Lusen. \u00dcber die Martinsklause, einem See mit klarem Bergwasser, ging es nun steil bergan zum Teufelsloch. Nach einer l\u00e4ngeren Pause war dann unser n\u00e4chstes Ziel die Glasarche. Auf dem Weg dahin st\u00e4rkten wir uns mit frischem Quellwasser. Nun marschierten wir auf der Himmelsleiter Richtung Lusen. Es ging steil nach oben und war brutal anstrengend. \u00dcbergl\u00fccklich machten wir ein Gipfelfoto und genossen den wunderbaren Ausblick. Nach einer l\u00e4ngeren Rast im Lusen-Schutzhaus machten wir uns auf den Heimweg. Der Winterweg f\u00fchrte uns \u00fcber die Waldreibe nach Waldh\u00e4user. Um 16.00 erreichten wir endlich die Jugendherberge. Die F\u00fc\u00dfe taten vom langen Heruntergehen richtig weh. Einige von uns legten sich ein bisschen hin. Beim Abendessen, bei dem es Serviettenkn\u00f6del mit Schwammerlso\u00dfe gab, waren aber alle wieder fit. Trotzdem hielten wir es diesmal nicht lange aus, obwohl einige noch mit unseren Lehrern Fu\u00dfball und Volleyball spielten. Eine geplante Geburtstagsparty um Mitternacht wurde leider komplett verschlafen.<\/p>\n<p>Am Mittwoch fiel uns das Aufstehen viel schwerer als am Tag vorher. Nach dem Waschen und Z\u00e4hneputzen trafen wir uns wieder beim Fr\u00fchst\u00fcck. Einer Klassenkameradin gratulierten wir mit einem St\u00e4ndchen zum Geburtstag. Von der Jugendherberge bekam sie sogar einen Kuchen mit Kerze geschenkt. Anschlie\u00dfend erkl\u00e4rten uns die Lehrer wie wir unsere Zimmer reinigen mussten. Zuerst aber packten wir unsere Koffer und stellten sie in die G\u00e4nge. Das Reinigen dauerte eine gute halbe Stunde. Dann stellten wir uns alle vor der Jugendherberge auf und machten zusammen mit unseren Weidinger Freunden ein Gruppenfoto. Wenig sp\u00e4ter holte uns der Bus ab und wir fuhren Richtung Heimat. An der Schule wurden wir schon von unseren Eltern erwartet. So einen tollen Schulausflug k\u00f6nnte es ruhig \u00f6fter geben.<\/p>\n\n\t\t<style type=\"text\/css\">\n\t\t\t#gallery-1 {\n\t\t\t\tmargin: auto;\n\t\t\t}\n\t\t\t#gallery-1 .gallery-item {\n\t\t\t\tfloat: left;\n\t\t\t\tmargin-top: 10px;\n\t\t\t\ttext-align: center;\n\t\t\t\twidth: 33%;\n\t\t\t}\n\t\t\t#gallery-1 img {\n\t\t\t\tborder: 2px solid #cfcfcf;\n\t\t\t}\n\t\t\t#gallery-1 .gallery-caption {\n\t\t\t\tmargin-left: 0;\n\t\t\t}\n\t\t\t\/* see gallery_shortcode() in wp-includes\/media.php *\/\n\t\t<\/style>\n\t\t<div id='gallery-1' class='gallery galleryid-3734 gallery-columns-3 gallery-size-thumbnail'><dl class='gallery-item'>\n\t\t\t<dt class='gallery-icon landscape'>\n\t\t\t\t<a href='https:\/\/www.volksschule-arnschwang.de\/?attachment_id=3736'><img loading=\"lazy\" decoding=\"async\" width=\"150\" height=\"150\" src=\"https:\/\/www.volksschule-arnschwang.de\/wp-content\/uploads\/Gro\u00dfer-Fahrt1-150x150.jpg\" class=\"attachment-thumbnail size-thumbnail\" alt=\"\" \/><\/a>\n\t\t\t<\/dt><\/dl><dl class='gallery-item'>\n\t\t\t<dt class='gallery-icon landscape'>\n\t\t\t\t<a href='https:\/\/www.volksschule-arnschwang.de\/?attachment_id=3737'><img loading=\"lazy\" decoding=\"async\" width=\"150\" height=\"150\" src=\"https:\/\/www.volksschule-arnschwang.de\/wp-content\/uploads\/Gro\u00dfer-Fahrt2-150x150.jpg\" class=\"attachment-thumbnail size-thumbnail\" alt=\"\" \/><\/a>\n\t\t\t<\/dt><\/dl><dl class='gallery-item'>\n\t\t\t<dt class='gallery-icon landscape'>\n\t\t\t\t<a href='https:\/\/www.volksschule-arnschwang.de\/?attachment_id=3738'><img loading=\"lazy\" decoding=\"async\" width=\"150\" height=\"150\" src=\"https:\/\/www.volksschule-arnschwang.de\/wp-content\/uploads\/Gro\u00dfer-Fahrt3-150x150.jpg\" class=\"attachment-thumbnail size-thumbnail\" alt=\"\" \/><\/a>\n\t\t\t<\/dt><\/dl><br style=\"clear: both\" \/>\n\t\t<\/div>\n\n","protected":false},"excerpt":{"rendered":"<p>3. und 4. Klasse verbringen drei Tage in der Jugendherberge Waldh\u00e4user Koffer gepackt? Dann geht`s los. An der Grundschule Arnschwang steigt die Aufregung. Voller Vorfreude stiegen wir am Montag-Vormittag in den Bus. Nach knapp zwei Stunden waren wir endlich am &hellip; <a href=\"https:\/\/www.volksschule-arnschwang.de\/?p=3734\">Weiterlesen <span class=\"meta-nav\">&rarr;<\/span><\/a><\/p>\n","protected":false},"author":1,"featured_media":0,"comment_status":"closed","ping_status":"closed","sticky":false,"template":"","format":"standard","meta":{"_crdt_document":"","footnotes":""},"categories":[43],"tags":[],"class_list":["post-3734","post","type-post","status-publish","format-standard","hentry","category-berichte-20172018"],"publishpress_future_action":{"enabled":false,"date":"2026-05-08 17:12:31","action":"Draft","newStatus":"draft","terms":[],"taxonomy":"category","extraData":[]},"publishpress_future_workflow_manual_trigger":{"enabledWorkflows":[]},"_links":{"self":[{"href":"https:\/\/www.volksschule-arnschwang.de\/index.php?rest_route=\/wp\/v2\/posts\/3734","targetHints":{"allow":["GET"]}}],"collection":[{"href":"https:\/\/www.volksschule-arnschwang.de\/index.php?rest_route=\/wp\/v2\/posts"}],"about":[{"href":"https:\/\/www.volksschule-arnschwang.de\/index.php?rest_route=\/wp\/v2\/types\/post"}],"author":[{"embeddable":true,"href":"https:\/\/www.volksschule-arnschwang.de\/index.php?rest_route=\/wp\/v2\/users\/1"}],"replies":[{"embeddable":true,"href":"https:\/\/www.volksschule-arnschwang.de\/index.php?rest_route=%2Fwp%2Fv2%2Fcomments&post=3734"}],"version-history":[{"count":2,"href":"https:\/\/www.volksschule-arnschwang.de\/index.php?rest_route=\/wp\/v2\/posts\/3734\/revisions"}],"predecessor-version":[{"id":3741,"href":"https:\/\/www.volksschule-arnschwang.de\/index.php?rest_route=\/wp\/v2\/posts\/3734\/revisions\/3741"}],"wp:attachment":[{"href":"https:\/\/www.volksschule-arnschwang.de\/index.php?rest_route=%2Fwp%2Fv2%2Fmedia&parent=3734"}],"wp:term":[{"taxonomy":"category","embeddable":true,"href":"https:\/\/www.volksschule-arnschwang.de\/index.php?rest_route=%2Fwp%2Fv2%2Fcategories&post=3734"},{"taxonomy":"post_tag","embeddable":true,"href":"https:\/\/www.volksschule-arnschwang.de\/index.php?rest_route=%2Fwp%2Fv2%2Ftags&post=3734"}],"curies":[{"name":"wp","href":"https:\/\/api.w.org\/{rel}","templated":true}]}}