{"id":2992,"date":"2014-05-23T20:15:36","date_gmt":"2014-05-23T19:15:36","guid":{"rendered":"http:\/\/www.volksschule-arnschwang.de\/?p=2992"},"modified":"2014-05-23T20:15:36","modified_gmt":"2014-05-23T19:15:36","slug":"die-arnschwanger-grundschueler-zu-gast-bei-der-fa-braun-in-weiding","status":"publish","type":"post","link":"https:\/\/www.volksschule-arnschwang.de\/?p=2992","title":{"rendered":"Die Arnschwanger Grundsch\u00fcler zu Gast bei der Fa. Braun in Weiding"},"content":{"rendered":"<p>Am Montag, den 12. Mai , fuhren wir, die 4. Klasse der Grundschule Arnschwang, zur Fa. Braun nach Weiding.<\/p>\n<p>Empfangen wurden wir durch den Juniorchef Herrn Wolfgang Braun. Er gab uns zun\u00e4chst einige wichtige Informationen zur Geschichte des Familienunternehmens. 1962 war die Gr\u00fcndung in Chamm\u00fcnster. In den folgenden Jahren konzentrierte man sich auf den Bau und Verkauf von Rolll\u00e4den. 1969 beschloss man auch Kunststofffenster herzustellen. Damit hatte man so viel Erfolg, dass ein Anbau beim Firmengel\u00e4nde notwendig wurde. Da sich aber in Chamm\u00fcnster Widerstand gegen den geplanten Ausbau regte, zog man schlie\u00dflich 1991 in das Gewerbegebiet nach Weiding um. 2011 bekam die Fa. Braun einen Preis f\u00fcr die sch\u00f6nste Ausstellungshalle in Deutschland. 2012 konnte man dann in gro\u00dfem Rahmen das 50-j\u00e4hrige Betriebsjubil\u00e4um feiern. Jetzt ist die Fa. Braun ein Gro\u00dfunternehmen , das ca 100 Mitarbeiter besch\u00e4ftigt.<\/p>\n<p>Im Folgenden demonstrierte uns Herr Braun die Besonderheiten von modernem Fensterglas. An erster Stelle steht der W\u00e4rmeschutz. Die Fenster von Heute sollten besonders w\u00e4rmed\u00e4mmend sein um Strom und Heizkosten zu sparen. Ebenso wichtig ist die Sicherheit. Deshalb werden die Fenster mit einem Einbruchschutz versehen, was es f\u00fcr die Einbrecher schwieriger macht, die Fenster auszuhebeln. Auch ist die Dichtigkeit der Fenster enorm wichtig. Besonders bei Sturm, Hagel und \u00dcberschwemmungen muss das Fenster so gebaut sein, dass keine Fl\u00fcssigkeit ins Innere dringt. Zuletzt zeigte uns Herr Braun anhand eines lauten CD-Players noch wie wichtig die L\u00e4rmschutzfunktion ist.<\/p>\n<p>Anschlie\u00dfend brachen wir in die Fertigungshalle auf. An drei gro\u00dfen Maschinen zeigte uns Herr Braun wie Fensterrahmen gefertigt werden. Als erstes wurde der Rahmen herausgeschnitten. Danach wurden die einzelnen Teile zusammengeklebt und gepresst. Dann wurden noch die Rahmen beschlagen. Zuletzt fand die sogenannte Hochzeit statt, wenn das Glas in den Fensterrahmen eingef\u00fcgt wird.<\/p>\n<p>Zum Abschluss der fast zweist\u00fcndigen F\u00fchrung wurden uns noch Getr\u00e4nke und eine Brotzeit spendiert. Wir machten noch ein Abschlussfoto und bedankten uns bei Herrn Braun f\u00fcr die tolle F\u00fchrung.<\/p>\n<p>So ging ein sehr interessanter Vormittag leider viel zu schnell zu Ende.<\/p>\n\n","protected":false},"excerpt":{"rendered":"<p>Am Montag, den 12. Mai , fuhren wir, die 4. Klasse der Grundschule Arnschwang, zur Fa. Braun nach Weiding. Empfangen wurden wir durch den Juniorchef Herrn Wolfgang Braun. Er gab uns zun\u00e4chst einige wichtige Informationen zur Geschichte des Familienunternehmens. 1962 &hellip; <a href=\"https:\/\/www.volksschule-arnschwang.de\/?p=2992\">Weiterlesen <span class=\"meta-nav\">&rarr;<\/span><\/a><\/p>\n","protected":false},"author":1,"featured_media":0,"comment_status":"closed","ping_status":"closed","sticky":false,"template":"","format":"standard","meta":{"_crdt_document":"","footnotes":""},"categories":[39],"tags":[],"class_list":["post-2992","post","type-post","status-publish","format-standard","hentry","category-berichte-20132014"],"publishpress_future_action":{"enabled":false,"date":"2026-05-09 01:15:58","action":"Draft","newStatus":"draft","terms":[],"taxonomy":"category","extraData":[]},"publishpress_future_workflow_manual_trigger":{"enabledWorkflows":[]},"_links":{"self":[{"href":"https:\/\/www.volksschule-arnschwang.de\/index.php?rest_route=\/wp\/v2\/posts\/2992","targetHints":{"allow":["GET"]}}],"collection":[{"href":"https:\/\/www.volksschule-arnschwang.de\/index.php?rest_route=\/wp\/v2\/posts"}],"about":[{"href":"https:\/\/www.volksschule-arnschwang.de\/index.php?rest_route=\/wp\/v2\/types\/post"}],"author":[{"embeddable":true,"href":"https:\/\/www.volksschule-arnschwang.de\/index.php?rest_route=\/wp\/v2\/users\/1"}],"replies":[{"embeddable":true,"href":"https:\/\/www.volksschule-arnschwang.de\/index.php?rest_route=%2Fwp%2Fv2%2Fcomments&post=2992"}],"version-history":[{"count":1,"href":"https:\/\/www.volksschule-arnschwang.de\/index.php?rest_route=\/wp\/v2\/posts\/2992\/revisions"}],"predecessor-version":[{"id":2997,"href":"https:\/\/www.volksschule-arnschwang.de\/index.php?rest_route=\/wp\/v2\/posts\/2992\/revisions\/2997"}],"wp:attachment":[{"href":"https:\/\/www.volksschule-arnschwang.de\/index.php?rest_route=%2Fwp%2Fv2%2Fmedia&parent=2992"}],"wp:term":[{"taxonomy":"category","embeddable":true,"href":"https:\/\/www.volksschule-arnschwang.de\/index.php?rest_route=%2Fwp%2Fv2%2Fcategories&post=2992"},{"taxonomy":"post_tag","embeddable":true,"href":"https:\/\/www.volksschule-arnschwang.de\/index.php?rest_route=%2Fwp%2Fv2%2Ftags&post=2992"}],"curies":[{"name":"wp","href":"https:\/\/api.w.org\/{rel}","templated":true}]}}