{"id":2698,"date":"2013-05-31T11:23:46","date_gmt":"2013-05-31T10:23:46","guid":{"rendered":"http:\/\/www.volksschule-arnschwang.de\/?p=2698"},"modified":"2013-06-04T11:55:15","modified_gmt":"2013-06-04T10:55:15","slug":"arnschwanger-schuler-auf-groser-reise","status":"publish","type":"post","link":"https:\/\/www.volksschule-arnschwang.de\/?p=2698","title":{"rendered":"Arnschwanger Sch\u00fcler auf \u201egro\u00dfer Reise\u201c"},"content":{"rendered":"<p><strong>Zweit- und Drittkl\u00e4ssler erlebten drei wundervolle Tage in der Jugendherberge in Waldh\u00e4user, dem h\u00f6chstgelegenen Dorf des Bayerischen Waldes<\/strong><\/p>\n<p>Wir, die Sch\u00fclerinnen und Sch\u00fcler der zweiten und dritten Klasse der Grundschule Arnschwang durften vom 13.-15. Mai in die Jugendherberge in Waldh\u00e4user fahren. Welch eine Freude!!! Und das sogar drei Tage lang! Endlich mal ein so ganz anderer Unterricht, den ganzen Tag zusammen mit Freunden, viel in der Natur drau\u00dfen und das Wichtigste: Keine Hausaufgaben\u2026<\/p>\n<div id=\"attachment_2701\" style=\"width: 310px\" class=\"wp-caption alignright\"><a href=\"http:\/\/www.volksschule-arnschwang.de\/wp-content\/uploads\/P1020804.jpg\"><img loading=\"lazy\" decoding=\"async\" aria-describedby=\"caption-attachment-2701\" class=\"size-medium wp-image-2701\" alt=\"Die Zweit- und Drittkl\u00e4ssler der Grundschule Arnschwang im Bayerischen Nationalpark\" src=\"http:\/\/www.volksschule-arnschwang.de\/wp-content\/uploads\/P1020804-300x200.jpg\" width=\"300\" height=\"200\" \/><\/a><p id=\"caption-attachment-2701\" class=\"wp-caption-text\">Die Zweit- und Drittkl\u00e4ssler der Grundschule Arnschwang im Bayerischen Nationalpark<\/p><\/div>\n<p>Zugegeben: Der eine oder andere hatte schon ein etwas mulmiges Gef\u00fchl dabei. Drei Tage so ganz ohne Eltern? Naja, ein Versuch war\u00b4s wert und wer darf so was schon erleben?<\/p>\n<p>Am Montagmorgen machten wir uns also mit schweren Koffern, guter Laune und einer geh\u00f6rigen Portion Mut zusammen mit unseren Klassenleitern Herrn Lauerer und Frau Stoiber auf den Weg in die Jugendherberge.<\/p>\n<p>Als erstes Reiseziel wurde das \u201eHaus der Wildnis\u201c angesteuert, in dem wir in Eigenregie viel \u00fcber die Natur des Bayerischen Waldes erfahren und erkunden konnten. Am coolsten war das Kino: Dort sahen wir einen 3D-Film \u00fcber das Leben der Pflanzen und Tiere im Nationalpark. Es wirkte so, als w\u00fcrden uns die Teile direkt entgegen wachsen.<\/p>\n<p>Aber wir dr\u00e4ngten weiter\u2026 zu gespannt waren wir auf unsere Zimmer.<\/p>\n<p>Nachdem wir dann endlich einen ersten Eindruck von der Jugendherberge gewonnen hatten, bezogen wir unsere Zimmer und die Betten. Der Kampf mit den Bettenbez\u00fcgen war echt gro\u00df und eine riesige Herausforderung.<\/p>\n<p>Am Nachmittag holte uns der Umweltp\u00e4dagoge Herrn Zechmann ab, der uns zum \u201eWald-Gebirgs-Rancher\u201c ausbildete. Um dieses Abzeichen zu bekommen, mussten wir etliche Spiele und Aktionen rund um das Thema Umwelt durchlaufen, was f\u00fcr uns als Sch\u00fcler der \u201eUmweltschule Arnschwang\u201c jedoch kein Problem war. Schlie\u00dflich kennen wir das schon vom LBV, der einmal im Monat bei uns an der Schule Umweltbildung macht.<\/p>\n<p>Den zweiten Tag verbrachten wir im Tierfreigel\u00e4nde, wo wir extrem viel Gl\u00fcck hatten: Wir konnten sowohl den Luchs, f\u00fcnf W\u00f6lfe und eine Wildkatzenmutter mit ihrem Nachwuchs beobachten. Sogar die beiden B\u00e4ren lieferten uns eine faszinierende Show, indem sie vor unseren Augen ein ausgiebiges Bad nahmen. Wie riesige Teddyb\u00e4ren!<\/p>\n<p>Vom \u201eWaldwipfel-Ei\u201c aus hatten wir eine tolle Aussicht auf den Nationalpark und die umgebenden Berggipfel des Lusens, Rachels und des Gro\u00dfen Falkensteins.<br \/>\nAbschlie\u00dfend erkundeten wir noch das \u201eHanns-Eisenmann-Haus\u201c und dann ging es wieder zur\u00fcck zur Jugendherberge.<\/p>\n<p>Dieser anstrengende und \u00e4u\u00dferst interessante Tag endete mit einer Nachtwanderung mit echt krassen \u201eWaldgeistern\u201c.<\/p>\n<p>Am Mittwoch wurde nach einem wie immer sehr guten Fr\u00fchst\u00fcck (das Essen war generell super lecker) gepackt, die Zimmer ger\u00e4umt und Abschied genommen.<\/p>\n<p>Auf dem Heimweg legten wir noch einen Zwischenstopp bei der Glash\u00fctte \u201eEisch\u201c in Frauenau ein. Dort durften wir zusehen, wie Glas geblasen und zu einer Karaffe weiterverarbeitet wurde. Beeindruckend war f\u00fcr uns, dass die Produkte f\u00fcr Leute in Russland oder gro\u00dfe Hotels in Dubai hergestellt werden.<\/p>\n<p>Zuhause warteten dann bereits unsere gespannten Eltern auf uns und konnten uns endlich wieder in ihre Arme schlie\u00dfen. Wer mehr Heimweh hatte, bleibt fraglich\u2026<\/p>\n<p>Uns jedenfalls hat der Ausflug total gut gefallen und wir w\u00fcrden jederzeit wieder fahren.<\/p>\n\n\t\t<style type=\"text\/css\">\n\t\t\t#gallery-1 {\n\t\t\t\tmargin: auto;\n\t\t\t}\n\t\t\t#gallery-1 .gallery-item {\n\t\t\t\tfloat: left;\n\t\t\t\tmargin-top: 10px;\n\t\t\t\ttext-align: center;\n\t\t\t\twidth: 33%;\n\t\t\t}\n\t\t\t#gallery-1 img {\n\t\t\t\tborder: 2px solid #cfcfcf;\n\t\t\t}\n\t\t\t#gallery-1 .gallery-caption {\n\t\t\t\tmargin-left: 0;\n\t\t\t}\n\t\t\t\/* see gallery_shortcode() in wp-includes\/media.php *\/\n\t\t<\/style>\n\t\t<div id='gallery-1' class='gallery galleryid-2698 gallery-columns-3 gallery-size-thumbnail'><dl class='gallery-item'>\n\t\t\t<dt class='gallery-icon portrait'>\n\t\t\t\t<a href='https:\/\/www.volksschule-arnschwang.de\/?attachment_id=2755'><img loading=\"lazy\" decoding=\"async\" width=\"150\" height=\"150\" src=\"https:\/\/www.volksschule-arnschwang.de\/wp-content\/uploads\/DSCN0185-150x150.jpg\" class=\"attachment-thumbnail size-thumbnail\" alt=\"\" \/><\/a>\n\t\t\t<\/dt><\/dl>\n\t\t\t<br style='clear: both' \/>\n\t\t<\/div>\n\n","protected":false},"excerpt":{"rendered":"<p>Zweit- und Drittkl\u00e4ssler erlebten drei wundervolle Tage in der Jugendherberge in Waldh\u00e4user, dem h\u00f6chstgelegenen Dorf des Bayerischen Waldes Wir, die Sch\u00fclerinnen und Sch\u00fcler der zweiten und dritten Klasse der Grundschule Arnschwang durften vom 13.-15. Mai in die Jugendherberge in Waldh\u00e4user &hellip; <a href=\"https:\/\/www.volksschule-arnschwang.de\/?p=2698\">Weiterlesen <span class=\"meta-nav\">&rarr;<\/span><\/a><\/p>\n","protected":false},"author":1,"featured_media":0,"comment_status":"closed","ping_status":"closed","sticky":false,"template":"","format":"standard","meta":{"_crdt_document":"","footnotes":""},"categories":[36],"tags":[],"class_list":["post-2698","post","type-post","status-publish","format-standard","hentry","category-berichte-20122013"],"publishpress_future_action":{"enabled":false,"date":"2026-05-09 03:16:17","action":"Draft","newStatus":"draft","terms":[],"taxonomy":"category","extraData":[]},"publishpress_future_workflow_manual_trigger":{"enabledWorkflows":[]},"_links":{"self":[{"href":"https:\/\/www.volksschule-arnschwang.de\/index.php?rest_route=\/wp\/v2\/posts\/2698","targetHints":{"allow":["GET"]}}],"collection":[{"href":"https:\/\/www.volksschule-arnschwang.de\/index.php?rest_route=\/wp\/v2\/posts"}],"about":[{"href":"https:\/\/www.volksschule-arnschwang.de\/index.php?rest_route=\/wp\/v2\/types\/post"}],"author":[{"embeddable":true,"href":"https:\/\/www.volksschule-arnschwang.de\/index.php?rest_route=\/wp\/v2\/users\/1"}],"replies":[{"embeddable":true,"href":"https:\/\/www.volksschule-arnschwang.de\/index.php?rest_route=%2Fwp%2Fv2%2Fcomments&post=2698"}],"version-history":[{"count":6,"href":"https:\/\/www.volksschule-arnschwang.de\/index.php?rest_route=\/wp\/v2\/posts\/2698\/revisions"}],"predecessor-version":[{"id":2704,"href":"https:\/\/www.volksschule-arnschwang.de\/index.php?rest_route=\/wp\/v2\/posts\/2698\/revisions\/2704"}],"wp:attachment":[{"href":"https:\/\/www.volksschule-arnschwang.de\/index.php?rest_route=%2Fwp%2Fv2%2Fmedia&parent=2698"}],"wp:term":[{"taxonomy":"category","embeddable":true,"href":"https:\/\/www.volksschule-arnschwang.de\/index.php?rest_route=%2Fwp%2Fv2%2Fcategories&post=2698"},{"taxonomy":"post_tag","embeddable":true,"href":"https:\/\/www.volksschule-arnschwang.de\/index.php?rest_route=%2Fwp%2Fv2%2Ftags&post=2698"}],"curies":[{"name":"wp","href":"https:\/\/api.w.org\/{rel}","templated":true}]}}