{"id":2387,"date":"2012-07-11T11:57:17","date_gmt":"2012-07-11T10:57:17","guid":{"rendered":"http:\/\/www.volksschule-arnschwang.de\/?p=2387"},"modified":"2013-05-31T11:29:54","modified_gmt":"2013-05-31T10:29:54","slug":"ehrung-der-schwimmstaffel-an-der-volksschule-arnschwang","status":"publish","type":"post","link":"https:\/\/www.volksschule-arnschwang.de\/?p=2387","title":{"rendered":"Ehrung der Schwimmstaffel an der Volksschule Arnschwang"},"content":{"rendered":"<p><a href=\"http:\/\/www.volksschule-arnschwang.de\/wp-content\/uploads\/P1010884.jpg\"><img loading=\"lazy\" decoding=\"async\" class=\"alignright size-medium wp-image-2388\" title=\"Die erfolgreichen Schwimmer der Grundschule Arnschwang mit Sportlehrerin Rosi M\u00fchlbauer\" src=\"http:\/\/www.volksschule-arnschwang.de\/wp-content\/uploads\/P1010884-300x223.jpg\" alt=\"\" width=\"300\" height=\"223\" \/><\/a>Sportlehrerin Rosi M\u00fchlbauer und Schulleiter Hubert Lauerer ehrten am Montag die erfolgreichen Schwimmer, die beim Kreisfinale in Waldm\u00fcnchen einen hervorragenden 2. Platz erreichten:<\/p>\n<p>Zur Mannschaft geh\u00f6rten: Melina Kolbeck, Celina-Marie Fink, Laura Treml, Hannah Heitzer, Kilian B\u00fccherl, Timo Burkhard, Paul Gollek und Andreas Plattner<\/p>\n","protected":false},"excerpt":{"rendered":"<p>Sportlehrerin Rosi M\u00fchlbauer und Schulleiter Hubert Lauerer ehrten am Montag die erfolgreichen Schwimmer, die beim Kreisfinale in Waldm\u00fcnchen einen hervorragenden 2. Platz erreichten: Zur Mannschaft geh\u00f6rten: Melina Kolbeck, Celina-Marie Fink, Laura Treml, Hannah Heitzer, Kilian B\u00fccherl, Timo Burkhard, Paul Gollek &hellip; <a href=\"https:\/\/www.volksschule-arnschwang.de\/?p=2387\">Weiterlesen <span class=\"meta-nav\">&rarr;<\/span><\/a><\/p>\n","protected":false},"author":1,"featured_media":0,"comment_status":"closed","ping_status":"closed","sticky":false,"template":"","format":"standard","meta":{"_crdt_document":"","footnotes":""},"categories":[37],"tags":[],"class_list":["post-2387","post","type-post","status-publish","format-standard","hentry","category-berichte-20112012"],"publishpress_future_action":{"enabled":false,"date":"2026-05-09 04:36:29","action":"Draft","newStatus":"draft","terms":[],"taxonomy":"category","extraData":[]},"publishpress_future_workflow_manual_trigger":{"enabledWorkflows":[]},"_links":{"self":[{"href":"https:\/\/www.volksschule-arnschwang.de\/index.php?rest_route=\/wp\/v2\/posts\/2387","targetHints":{"allow":["GET"]}}],"collection":[{"href":"https:\/\/www.volksschule-arnschwang.de\/index.php?rest_route=\/wp\/v2\/posts"}],"about":[{"href":"https:\/\/www.volksschule-arnschwang.de\/index.php?rest_route=\/wp\/v2\/types\/post"}],"author":[{"embeddable":true,"href":"https:\/\/www.volksschule-arnschwang.de\/index.php?rest_route=\/wp\/v2\/users\/1"}],"replies":[{"embeddable":true,"href":"https:\/\/www.volksschule-arnschwang.de\/index.php?rest_route=%2Fwp%2Fv2%2Fcomments&post=2387"}],"version-history":[{"count":4,"href":"https:\/\/www.volksschule-arnschwang.de\/index.php?rest_route=\/wp\/v2\/posts\/2387\/revisions"}],"predecessor-version":[{"id":2391,"href":"https:\/\/www.volksschule-arnschwang.de\/index.php?rest_route=\/wp\/v2\/posts\/2387\/revisions\/2391"}],"wp:attachment":[{"href":"https:\/\/www.volksschule-arnschwang.de\/index.php?rest_route=%2Fwp%2Fv2%2Fmedia&parent=2387"}],"wp:term":[{"taxonomy":"category","embeddable":true,"href":"https:\/\/www.volksschule-arnschwang.de\/index.php?rest_route=%2Fwp%2Fv2%2Fcategories&post=2387"},{"taxonomy":"post_tag","embeddable":true,"href":"https:\/\/www.volksschule-arnschwang.de\/index.php?rest_route=%2Fwp%2Fv2%2Ftags&post=2387"}],"curies":[{"name":"wp","href":"https:\/\/api.w.org\/{rel}","templated":true}]}}