{"id":2300,"date":"2012-05-10T11:18:44","date_gmt":"2012-05-10T10:18:44","guid":{"rendered":"http:\/\/www.volksschule-arnschwang.de\/?p=2300"},"modified":"2013-05-31T11:32:14","modified_gmt":"2013-05-31T10:32:14","slug":"welttag-des-buches-2","status":"publish","type":"post","link":"https:\/\/www.volksschule-arnschwang.de\/?p=2300","title":{"rendered":"Welttag des Buches"},"content":{"rendered":"<p>Den Welttag des Buches nahm die 4. Klasse der Volksschule Arnschwang zum Anlass, eine Buchhandlung zu besuchen. Nach der Zugfahrt nach Furth im Wald wurden die Kinder bereits von Frau Perlinger von der gleichnamigen Buchhandlung erwartet. Sie nahm sich viel Zeit und informierte die Klasse ausf\u00fchrlich \u00fcber die Herstellung eines Buches von der Idee bis zur Fertigstellung. In der vollkommen neuen, nach neuestem Stand der Technik eingerichteten Druckerei konnten die Kinder den Werdegang eines Buches hautnah mitverfolgen. Auch die Gegen\u00fcberstellung der B\u00fccherbestellung fr\u00fcher und heute beeindruckte die Kinder. Die Sch\u00fclerinnen und Sch\u00fcler waren sehr erstaunt zu h\u00f6ren, dass es nicht einmal 24 Stunden dauert, bis ein gew\u00fcnschtes Buch, das nicht im Gesch\u00e4ft vorr\u00e4tig ist, bestellt und dem Kunden ausgeh\u00e4ndigt werden kann. Besonders fasziniert waren die jungen Kunden vom Angebot an Kinderb\u00fcchern, das in der Buchhandlung Perlinger zur Auswahl steht. Zum Abschluss der Besichtigung konnten die Kinder noch ihre Buchgutscheine, die von der Stiftung Lesen zur Verf\u00fcgung gestellt worden waren, einl\u00f6sen. Anschlie\u00dfend wurde nach einem Abstecher in der Eisdiele der R\u00fcckweg nach Arnschwang angetreten. Die Kinder waren von diesem interessanten Schultag sehr angetan.<\/p>\n\n\t\t<style type=\"text\/css\">\n\t\t\t#gallery-1 {\n\t\t\t\tmargin: auto;\n\t\t\t}\n\t\t\t#gallery-1 .gallery-item {\n\t\t\t\tfloat: left;\n\t\t\t\tmargin-top: 10px;\n\t\t\t\ttext-align: center;\n\t\t\t\twidth: 33%;\n\t\t\t}\n\t\t\t#gallery-1 img {\n\t\t\t\tborder: 2px solid #cfcfcf;\n\t\t\t}\n\t\t\t#gallery-1 .gallery-caption {\n\t\t\t\tmargin-left: 0;\n\t\t\t}\n\t\t\t\/* see gallery_shortcode() in wp-includes\/media.php *\/\n\t\t<\/style>\n\t\t<div id='gallery-1' class='gallery galleryid-2300 gallery-columns-3 gallery-size-thumbnail'><dl class='gallery-item'>\n\t\t\t<dt class='gallery-icon landscape'>\n\t\t\t\t<a href='https:\/\/www.volksschule-arnschwang.de\/wp-content\/uploads\/P1000130.jpg'><img loading=\"lazy\" decoding=\"async\" width=\"150\" height=\"150\" src=\"https:\/\/www.volksschule-arnschwang.de\/wp-content\/uploads\/P1000130-150x150.jpg\" class=\"attachment-thumbnail size-thumbnail\" alt=\"\" \/><\/a>\n\t\t\t<\/dt><\/dl><dl class='gallery-item'>\n\t\t\t<dt class='gallery-icon landscape'>\n\t\t\t\t<a href='https:\/\/www.volksschule-arnschwang.de\/wp-content\/uploads\/P1000129.jpg'><img loading=\"lazy\" decoding=\"async\" width=\"150\" height=\"150\" src=\"https:\/\/www.volksschule-arnschwang.de\/wp-content\/uploads\/P1000129-150x150.jpg\" class=\"attachment-thumbnail size-thumbnail\" alt=\"\" \/><\/a>\n\t\t\t<\/dt><\/dl><dl class='gallery-item'>\n\t\t\t<dt class='gallery-icon landscape'>\n\t\t\t\t<a href='https:\/\/www.volksschule-arnschwang.de\/wp-content\/uploads\/P1000125.jpg'><img loading=\"lazy\" decoding=\"async\" width=\"150\" height=\"150\" src=\"https:\/\/www.volksschule-arnschwang.de\/wp-content\/uploads\/P1000125-150x150.jpg\" class=\"attachment-thumbnail size-thumbnail\" alt=\"\" \/><\/a>\n\t\t\t<\/dt><\/dl><br style=\"clear: both\" \/>\n\t\t<\/div>\n\n","protected":false},"excerpt":{"rendered":"<p>Den Welttag des Buches nahm die 4. Klasse der Volksschule Arnschwang zum Anlass, eine Buchhandlung zu besuchen. Nach der Zugfahrt nach Furth im Wald wurden die Kinder bereits von Frau Perlinger von der gleichnamigen Buchhandlung erwartet. Sie nahm sich viel &hellip; <a href=\"https:\/\/www.volksschule-arnschwang.de\/?p=2300\">Weiterlesen <span class=\"meta-nav\">&rarr;<\/span><\/a><\/p>\n","protected":false},"author":1,"featured_media":0,"comment_status":"closed","ping_status":"closed","sticky":false,"template":"","format":"standard","meta":{"_crdt_document":"","footnotes":""},"categories":[37],"tags":[],"class_list":["post-2300","post","type-post","status-publish","format-standard","hentry","category-berichte-20112012"],"publishpress_future_action":{"enabled":false,"date":"2026-05-09 04:31:37","action":"Draft","newStatus":"draft","terms":[],"taxonomy":"category","extraData":[]},"publishpress_future_workflow_manual_trigger":{"enabledWorkflows":[]},"_links":{"self":[{"href":"https:\/\/www.volksschule-arnschwang.de\/index.php?rest_route=\/wp\/v2\/posts\/2300","targetHints":{"allow":["GET"]}}],"collection":[{"href":"https:\/\/www.volksschule-arnschwang.de\/index.php?rest_route=\/wp\/v2\/posts"}],"about":[{"href":"https:\/\/www.volksschule-arnschwang.de\/index.php?rest_route=\/wp\/v2\/types\/post"}],"author":[{"embeddable":true,"href":"https:\/\/www.volksschule-arnschwang.de\/index.php?rest_route=\/wp\/v2\/users\/1"}],"replies":[{"embeddable":true,"href":"https:\/\/www.volksschule-arnschwang.de\/index.php?rest_route=%2Fwp%2Fv2%2Fcomments&post=2300"}],"version-history":[{"count":5,"href":"https:\/\/www.volksschule-arnschwang.de\/index.php?rest_route=\/wp\/v2\/posts\/2300\/revisions"}],"predecessor-version":[{"id":2719,"href":"https:\/\/www.volksschule-arnschwang.de\/index.php?rest_route=\/wp\/v2\/posts\/2300\/revisions\/2719"}],"wp:attachment":[{"href":"https:\/\/www.volksschule-arnschwang.de\/index.php?rest_route=%2Fwp%2Fv2%2Fmedia&parent=2300"}],"wp:term":[{"taxonomy":"category","embeddable":true,"href":"https:\/\/www.volksschule-arnschwang.de\/index.php?rest_route=%2Fwp%2Fv2%2Fcategories&post=2300"},{"taxonomy":"post_tag","embeddable":true,"href":"https:\/\/www.volksschule-arnschwang.de\/index.php?rest_route=%2Fwp%2Fv2%2Ftags&post=2300"}],"curies":[{"name":"wp","href":"https:\/\/api.w.org\/{rel}","templated":true}]}}