{"id":2293,"date":"2012-03-30T17:08:10","date_gmt":"2012-03-30T16:08:10","guid":{"rendered":"http:\/\/www.volksschule-arnschwang.de\/?p=2293"},"modified":"2013-05-31T11:32:26","modified_gmt":"2013-05-31T10:32:26","slug":"sportliche-schuler-2","status":"publish","type":"post","link":"https:\/\/www.volksschule-arnschwang.de\/?p=2293","title":{"rendered":"Sportliche Sch\u00fcler"},"content":{"rendered":"<p>An der Volksschule Arnschwang wurden die sportlichsten Sch\u00fcler und Sch\u00fclerinnen aus den 1. und 2. Klassen geehrt. Insgesamt 39 Kinder nahmen am Grundschulwettbewerb, einem sportlichen Vielseitigkeitswettkampf, teil. Aus den vier Bereichen \u201eMit dem Ball rollen, \u201eWerfen und Fangen\u201c, \u201eSpringen\u201c, \u201eKlettern und Balancieren\u201c, sowie \u201eSt\u00fctzen und Rollen\u201c wurden insgesamt acht \u00dcbungen ausgew\u00e4hlt, die allesamt erf\u00fcllt werden mussten.<\/p>\n<p>Die erfolgreichen Kinder wurden von Klassleiterin Isabella Hartl und der Sportlehrerin Rosi M\u00fchlbauer, mit Urkunden geehrt:<\/p>\n<p><a href=\"http:\/\/www.volksschule-arnschwang.de\/wp-content\/uploads\/P1010497.jpg\"><img loading=\"lazy\" decoding=\"async\" class=\"alignnone size-medium wp-image-2294\" title=\"Die sportlichen Erst- und Zweitkl\u00e4ssler\" src=\"http:\/\/www.volksschule-arnschwang.de\/wp-content\/uploads\/P1010497-300x200.jpg\" alt=\"\" width=\"300\" height=\"200\" \/><\/a><br \/>\nDesweiteren wurden die erfolgreichen Skifahrer der Schule mit Urkunden ausgezeichnet. Am 8. M\u00e4rz belegte die Schulmannschaft unter 15 beteiligten Mannschaften einen ausgezeichneten 7. Platz. Zur Mannschaft geh\u00f6rten Laura Treml, Melina Kolbeck, Clara Faulstich, Paul Gollek, Tobias Schw\u00e4gerl und Kilian B\u00fccherl.<\/p>\n<p><a href=\"http:\/\/www.volksschule-arnschwang.de\/wp-content\/uploads\/P1010500.jpg\"><img loading=\"lazy\" decoding=\"async\" class=\"alignnone size-medium wp-image-2295\" title=\"Die erfolgreichen Skifahrer\" src=\"http:\/\/www.volksschule-arnschwang.de\/wp-content\/uploads\/P1010500-300x200.jpg\" alt=\"\" width=\"300\" height=\"200\" srcset=\"https:\/\/www.volksschule-arnschwang.de\/wp-content\/uploads\/P1010500-300x200.jpg 300w, https:\/\/www.volksschule-arnschwang.de\/wp-content\/uploads\/P1010500.jpg 800w\" sizes=\"auto, (max-width: 300px) 100vw, 300px\" \/><\/a><\/p>\n","protected":false},"excerpt":{"rendered":"<p>An der Volksschule Arnschwang wurden die sportlichsten Sch\u00fcler und Sch\u00fclerinnen aus den 1. und 2. Klassen geehrt. Insgesamt 39 Kinder nahmen am Grundschulwettbewerb, einem sportlichen Vielseitigkeitswettkampf, teil. Aus den vier Bereichen \u201eMit dem Ball rollen, \u201eWerfen und Fangen\u201c, \u201eSpringen\u201c, \u201eKlettern &hellip; <a href=\"https:\/\/www.volksschule-arnschwang.de\/?p=2293\">Weiterlesen <span class=\"meta-nav\">&rarr;<\/span><\/a><\/p>\n","protected":false},"author":1,"featured_media":0,"comment_status":"closed","ping_status":"closed","sticky":false,"template":"","format":"standard","meta":{"_crdt_document":"","footnotes":""},"categories":[37],"tags":[],"class_list":["post-2293","post","type-post","status-publish","format-standard","hentry","category-berichte-20112012"],"publishpress_future_action":{"enabled":false,"date":"2026-05-09 05:14:19","action":"Draft","newStatus":"draft","terms":[],"taxonomy":"category","extraData":[]},"publishpress_future_workflow_manual_trigger":{"enabledWorkflows":[]},"_links":{"self":[{"href":"https:\/\/www.volksschule-arnschwang.de\/index.php?rest_route=\/wp\/v2\/posts\/2293","targetHints":{"allow":["GET"]}}],"collection":[{"href":"https:\/\/www.volksschule-arnschwang.de\/index.php?rest_route=\/wp\/v2\/posts"}],"about":[{"href":"https:\/\/www.volksschule-arnschwang.de\/index.php?rest_route=\/wp\/v2\/types\/post"}],"author":[{"embeddable":true,"href":"https:\/\/www.volksschule-arnschwang.de\/index.php?rest_route=\/wp\/v2\/users\/1"}],"replies":[{"embeddable":true,"href":"https:\/\/www.volksschule-arnschwang.de\/index.php?rest_route=%2Fwp%2Fv2%2Fcomments&post=2293"}],"version-history":[{"count":4,"href":"https:\/\/www.volksschule-arnschwang.de\/index.php?rest_route=\/wp\/v2\/posts\/2293\/revisions"}],"predecessor-version":[{"id":2720,"href":"https:\/\/www.volksschule-arnschwang.de\/index.php?rest_route=\/wp\/v2\/posts\/2293\/revisions\/2720"}],"wp:attachment":[{"href":"https:\/\/www.volksschule-arnschwang.de\/index.php?rest_route=%2Fwp%2Fv2%2Fmedia&parent=2293"}],"wp:term":[{"taxonomy":"category","embeddable":true,"href":"https:\/\/www.volksschule-arnschwang.de\/index.php?rest_route=%2Fwp%2Fv2%2Fcategories&post=2293"},{"taxonomy":"post_tag","embeddable":true,"href":"https:\/\/www.volksschule-arnschwang.de\/index.php?rest_route=%2Fwp%2Fv2%2Ftags&post=2293"}],"curies":[{"name":"wp","href":"https:\/\/api.w.org\/{rel}","templated":true}]}}