{"id":2265,"date":"2012-02-14T12:31:18","date_gmt":"2012-02-14T11:31:18","guid":{"rendered":"http:\/\/www.volksschule-arnschwang.de\/?p=2265"},"modified":"2013-05-31T11:33:06","modified_gmt":"2013-05-31T10:33:06","slug":"groser-andrang-bei-drogenpaventionsveranstaltung","status":"publish","type":"post","link":"https:\/\/www.volksschule-arnschwang.de\/?p=2265","title":{"rendered":"Gro\u00dfer Andrang bei Drogenp\u00e4ventionsveranstaltung"},"content":{"rendered":"<p>Am Donnerstagabend fand in der Aula der Volksschule Arnschwang eine kostenlose Informationsveranstaltung zum Thema Drogenpr\u00e4vention statt. Hierzu hatte die Schulleitung und der Elternbeirat eingeladen. Die Veranstaltung war f\u00fcr die Eltern der Sch\u00fcler, sowie auch Interessierte aus Vereinen mit Jugendarbeit und die gesamte Dorfgemeinschaft bestimmt. Fast 60 Teilnehmer lie\u00dfen die Schulaula aus allen N\u00e4hten platzen.<\/p>\n<p>Nach der Begr\u00fc\u00dfung durch den Vorsitzenden des Elternbeirates, Martin Stoiber, wurde durch die beiden Referenten Polizeihauptkommissar Christian Pongratz und Polizeihauptmeister Stefan Breu, beide Angeh\u00f6rige der Fahndungsgruppe der Polizeiinspektion Furth im Wald, ein fast zweist\u00fcndiger aber sehr kurzweiliger Vortrag gehalten.<\/p>\n<p>Nach der kurzen Darstellung ihrer Arbeitsstelle und die T\u00e4tigkeiten einer Fahndungsdienstelle wurden die verschiedenen Bet\u00e4ubungsmittelarten den Zuh\u00f6rern durch PHM Breu n\u00e4her gebracht. Insbesondere wurde nat\u00fcrlich hier auf die neue \u201eModedroge\u201c Crystal eingegangen, welche in den letzten Monaten, gerade in unseren grenznahen Bereich, einen starken Zuwachs verzeichnet hat. Nat\u00fcrlich waren auch die anderen Drogenarten wie Marihuana, Heroin, Kokain etc. im Rahmen einer kleinen aber interessanten \u201eStoffkunde\u201c erl\u00e4utert worden. Jeder Anwesende konnte sogar jede dieser Drogen, nat\u00fcrlich unter strenger Aufsicht, begutachten. Im Anschluss brachte PHK Pongratz den Interessierten einige Hilfestellungen n\u00e4her, woran man als Elternteil erkennen kann, dass eventuell die Kinder mit den gef\u00e4hrlichen Substanzen in Ber\u00fchrung gekommen, bzw. sogar abh\u00e4ngig sind.<\/p>\n<p>Als durch Statistiken von Polizei und Zoll, die Steigerung von Bet\u00e4ubungsmitteldelikten in unserem Raum verdeutlicht wurde, war auch dem Letzten im Saal klargeworden, dass dies auch bei uns, und nicht nur in den gr\u00f6\u00dferen St\u00e4dten, ein sehr pr\u00e4sentes Thema ist.<\/p>\n<p>Auf die rechtlichen Folgen von Besitz, bzw. Schmuggel von Bet\u00e4ubungsmittel und auch der Teilnahme unter Beeinflussung von berauschenden Mitteln am Stra\u00dfenverkehr ist hingewiesen worden. Kurz wurden auch die verschiedenen Straftaten, welche in Zusammenhang mit der sogenannten \u201eBeschaffungskriminalit\u00e4t\u201c stehen angesprochen. Hier stehen die Eigentumsdelikte wie Ladendiebstahl, etc. an erster Stelle.<\/p>\n<p>Zum Abschluss wurden noch Informationsbrosch\u00fcren f\u00fcr die Zuh\u00f6rer verteilt, sowie auf Kontaktm\u00f6glichkeiten im Landkreis hingewiesen.<\/p>\n<p>Auch nach der Verabschiedung durch den Schulleiter Hubert Lauerer und der \u00dcberreichung eines kleinen Pr\u00e4sentkorbes durch den Elternbeirat war f\u00fcr die beiden Referenten noch lange nicht Schluss. Sie gaben den Anwesenden gerne noch Auskunft zu den von Ihnen vorgetragenen Fragen.<\/p>\n<p>Somit bedanken sich die Veranstalter bei der zust\u00e4ndigen Dienstelle und den Referenten f\u00fcr die gute und unkomplizierte Zusammenarbeit.\n\t\t<style type=\"text\/css\">\n\t\t\t#gallery-1 {\n\t\t\t\tmargin: auto;\n\t\t\t}\n\t\t\t#gallery-1 .gallery-item {\n\t\t\t\tfloat: left;\n\t\t\t\tmargin-top: 10px;\n\t\t\t\ttext-align: center;\n\t\t\t\twidth: 33%;\n\t\t\t}\n\t\t\t#gallery-1 img {\n\t\t\t\tborder: 2px solid #cfcfcf;\n\t\t\t}\n\t\t\t#gallery-1 .gallery-caption {\n\t\t\t\tmargin-left: 0;\n\t\t\t}\n\t\t\t\/* see gallery_shortcode() in wp-includes\/media.php *\/\n\t\t<\/style>\n\t\t<div id='gallery-1' class='gallery galleryid-2265 gallery-columns-3 gallery-size-thumbnail'><dl class='gallery-item'>\n\t\t\t<dt class='gallery-icon landscape'>\n\t\t\t\t<a href='https:\/\/www.volksschule-arnschwang.de\/wp-content\/uploads\/P1010372.jpg'><img loading=\"lazy\" decoding=\"async\" width=\"150\" height=\"150\" src=\"https:\/\/www.volksschule-arnschwang.de\/wp-content\/uploads\/P1010372-150x150.jpg\" class=\"attachment-thumbnail size-thumbnail\" alt=\"\" \/><\/a>\n\t\t\t<\/dt><\/dl><dl class='gallery-item'>\n\t\t\t<dt class='gallery-icon landscape'>\n\t\t\t\t<a href='https:\/\/www.volksschule-arnschwang.de\/wp-content\/uploads\/P1010370.jpg'><img loading=\"lazy\" decoding=\"async\" width=\"150\" height=\"150\" src=\"https:\/\/www.volksschule-arnschwang.de\/wp-content\/uploads\/P1010370-150x150.jpg\" class=\"attachment-thumbnail size-thumbnail\" alt=\"\" \/><\/a>\n\t\t\t<\/dt><\/dl><dl class='gallery-item'>\n\t\t\t<dt class='gallery-icon portrait'>\n\t\t\t\t<a href='https:\/\/www.volksschule-arnschwang.de\/wp-content\/uploads\/P1010358.jpg'><img loading=\"lazy\" decoding=\"async\" width=\"150\" height=\"150\" src=\"https:\/\/www.volksschule-arnschwang.de\/wp-content\/uploads\/P1010358-150x150.jpg\" class=\"attachment-thumbnail size-thumbnail\" alt=\"\" \/><\/a>\n\t\t\t<\/dt><\/dl><br style=\"clear: both\" \/>\n\t\t<\/div>\n<\/p>\n","protected":false},"excerpt":{"rendered":"<p>Volksschule Arnschwang und der Elternbeirat hatten eingeladen &#8211; fast 60 Teilnehmer <a href=\"https:\/\/www.volksschule-arnschwang.de\/?p=2265\">Weiterlesen <span class=\"meta-nav\">&rarr;<\/span><\/a><\/p>\n","protected":false},"author":1,"featured_media":0,"comment_status":"closed","ping_status":"closed","sticky":false,"template":"","format":"standard","meta":{"_crdt_document":"","footnotes":""},"categories":[37],"tags":[],"class_list":["post-2265","post","type-post","status-publish","format-standard","hentry","category-berichte-20112012"],"publishpress_future_action":{"enabled":false,"date":"2026-05-09 05:16:44","action":"Draft","newStatus":"draft","terms":[],"taxonomy":"category","extraData":[]},"publishpress_future_workflow_manual_trigger":{"enabledWorkflows":[]},"_links":{"self":[{"href":"https:\/\/www.volksschule-arnschwang.de\/index.php?rest_route=\/wp\/v2\/posts\/2265","targetHints":{"allow":["GET"]}}],"collection":[{"href":"https:\/\/www.volksschule-arnschwang.de\/index.php?rest_route=\/wp\/v2\/posts"}],"about":[{"href":"https:\/\/www.volksschule-arnschwang.de\/index.php?rest_route=\/wp\/v2\/types\/post"}],"author":[{"embeddable":true,"href":"https:\/\/www.volksschule-arnschwang.de\/index.php?rest_route=\/wp\/v2\/users\/1"}],"replies":[{"embeddable":true,"href":"https:\/\/www.volksschule-arnschwang.de\/index.php?rest_route=%2Fwp%2Fv2%2Fcomments&post=2265"}],"version-history":[{"count":3,"href":"https:\/\/www.volksschule-arnschwang.de\/index.php?rest_route=\/wp\/v2\/posts\/2265\/revisions"}],"predecessor-version":[{"id":2270,"href":"https:\/\/www.volksschule-arnschwang.de\/index.php?rest_route=\/wp\/v2\/posts\/2265\/revisions\/2270"}],"wp:attachment":[{"href":"https:\/\/www.volksschule-arnschwang.de\/index.php?rest_route=%2Fwp%2Fv2%2Fmedia&parent=2265"}],"wp:term":[{"taxonomy":"category","embeddable":true,"href":"https:\/\/www.volksschule-arnschwang.de\/index.php?rest_route=%2Fwp%2Fv2%2Fcategories&post=2265"},{"taxonomy":"post_tag","embeddable":true,"href":"https:\/\/www.volksschule-arnschwang.de\/index.php?rest_route=%2Fwp%2Fv2%2Ftags&post=2265"}],"curies":[{"name":"wp","href":"https:\/\/api.w.org\/{rel}","templated":true}]}}