{"id":2159,"date":"2011-10-25T19:29:26","date_gmt":"2011-10-25T18:29:26","guid":{"rendered":"http:\/\/www.volksschule-arnschwang.de\/?p=2159"},"modified":"2013-05-31T11:48:23","modified_gmt":"2013-05-31T10:48:23","slug":"igelprojekt-der-2-klasse","status":"publish","type":"post","link":"https:\/\/www.volksschule-arnschwang.de\/?p=2159","title":{"rendered":"Igelprojekt der 2. Klasse"},"content":{"rendered":"<p><a href=\"http:\/\/www.volksschule-arnschwang.de\/wp-content\/uploads\/P1000975.jpg\"><img loading=\"lazy\" decoding=\"async\" class=\"alignright size-medium wp-image-2161\" title=\"Igelprojekt der 2. Klasse\" src=\"http:\/\/www.volksschule-arnschwang.de\/wp-content\/uploads\/P1000975-300x200.jpg\" alt=\"Igelprojekt der 2. Klasse\" width=\"300\" height=\"200\" \/><\/a>In der 2. Klasse drehte sich im Herbst alles rund um das Thema Igel. Nachdem die Sch\u00fcler erfahren hatten, wie ein Igel aussieht, was er frisst und wie er \u00fcber den Winter kommt, besuchte Markus Schmidberger vom LBV die Klasse. Mit dabei hatte er einen kleinen Igel, der nat\u00fcrlich von allen Sch\u00fclern gestreichelt und genau begutachtet werden konnte. Daraus entstand die Idee, f\u00fcr den Igel ein Winterquartier, eine sogenannte Igelburg zu bauen. Mit Feuereifer machten sich die Kinder an die Sache und gestalteten im Schulgarten ein tolles Igelhaus. Mit Hilfe von Ziegelsteinen, Brettern, Moos, Laub, Erde, \u00c4sten und Stroh gelang es, ein bequemes und zugleich warmes und winddichtes Igelhaus zu bauen. Dann endlich war es soweit: Natalie vom LBV brachte den Igel und setzte ihn an den Eingang der Igelburg. Nach einer kurzen Bedenkzeit steuerte das Stacheltier geradewegs in das\u00a0von den Sch\u00fclern gebaute\u00a0Quartier. Ob er es wirklich als St\u00e4tte f\u00fcr seinen Winterschlaf ausw\u00e4hlt bleibt abzuwarten.<\/p>\n<p>&nbsp;<\/p>\n","protected":false},"excerpt":{"rendered":"<p>In der 2. Klasse drehte sich im Herbst alles rund um das Thema Igel. Nachdem die Sch\u00fcler erfahren hatten, wie ein Igel aussieht, was er frisst und wie er \u00fcber den Winter kommt, besuchte Markus Schmidberger vom LBV die Klasse. &hellip; <a href=\"https:\/\/www.volksschule-arnschwang.de\/?p=2159\">Weiterlesen <span class=\"meta-nav\">&rarr;<\/span><\/a><\/p>\n","protected":false},"author":1,"featured_media":0,"comment_status":"closed","ping_status":"closed","sticky":false,"template":"","format":"standard","meta":{"_crdt_document":"","footnotes":""},"categories":[37],"tags":[],"class_list":["post-2159","post","type-post","status-publish","format-standard","hentry","category-berichte-20112012"],"publishpress_future_action":{"enabled":false,"date":"2026-05-09 05:59:09","action":"Draft","newStatus":"draft","terms":[],"taxonomy":"category","extraData":[]},"publishpress_future_workflow_manual_trigger":{"enabledWorkflows":[]},"_links":{"self":[{"href":"https:\/\/www.volksschule-arnschwang.de\/index.php?rest_route=\/wp\/v2\/posts\/2159","targetHints":{"allow":["GET"]}}],"collection":[{"href":"https:\/\/www.volksschule-arnschwang.de\/index.php?rest_route=\/wp\/v2\/posts"}],"about":[{"href":"https:\/\/www.volksschule-arnschwang.de\/index.php?rest_route=\/wp\/v2\/types\/post"}],"author":[{"embeddable":true,"href":"https:\/\/www.volksschule-arnschwang.de\/index.php?rest_route=\/wp\/v2\/users\/1"}],"replies":[{"embeddable":true,"href":"https:\/\/www.volksschule-arnschwang.de\/index.php?rest_route=%2Fwp%2Fv2%2Fcomments&post=2159"}],"version-history":[{"count":5,"href":"https:\/\/www.volksschule-arnschwang.de\/index.php?rest_route=\/wp\/v2\/posts\/2159\/revisions"}],"predecessor-version":[{"id":2164,"href":"https:\/\/www.volksschule-arnschwang.de\/index.php?rest_route=\/wp\/v2\/posts\/2159\/revisions\/2164"}],"wp:attachment":[{"href":"https:\/\/www.volksschule-arnschwang.de\/index.php?rest_route=%2Fwp%2Fv2%2Fmedia&parent=2159"}],"wp:term":[{"taxonomy":"category","embeddable":true,"href":"https:\/\/www.volksschule-arnschwang.de\/index.php?rest_route=%2Fwp%2Fv2%2Fcategories&post=2159"},{"taxonomy":"post_tag","embeddable":true,"href":"https:\/\/www.volksschule-arnschwang.de\/index.php?rest_route=%2Fwp%2Fv2%2Ftags&post=2159"}],"curies":[{"name":"wp","href":"https:\/\/api.w.org\/{rel}","templated":true}]}}