{"id":2031,"date":"2011-05-27T18:01:20","date_gmt":"2011-05-27T17:01:20","guid":{"rendered":"http:\/\/www.volksschule-arnschwang.de\/?p=2031"},"modified":"2011-05-27T18:01:20","modified_gmt":"2011-05-27T17:01:20","slug":"betriebsbesichtigung-bei-der-firma-braun","status":"publish","type":"post","link":"https:\/\/www.volksschule-arnschwang.de\/?p=2031","title":{"rendered":"Betriebsbesichtigung bei der Firma Braun"},"content":{"rendered":"<p>Im Rahmen des Projekts \u201eZeitung in der Schule\u201c waren die beiden vierten Klassen der Volksschule Arnschwang bei der <a title=\"Webseite der Firma Braun\" href=\"http:\/\/www.braun-online.com\/\">Firma Braun<\/a> in Weiding eingeladen.<\/p>\n<p>Schon bei der Ankunft wurden die Kinder von den beiden Chefs, Herrn Georg und Herrn Wolfgang Braun begr\u00fc\u00dft. W\u00e4hrend die Kinder der 4a mit dem Thema \u201eSicherheit\u201c vertraut gemacht wurden, wurde f\u00fcr die Klasse 4b die Einsparung von Energie genauer durchleuchtet.<\/p>\n<p>Nachdem die Produkte, die in der Firma hergestellt werden, den Kindern vorgestellt worden waren, stand eine deftige Brotzeit auf dem Programm. Anschlie\u00dfend durften die Sch\u00fclerinnen und Sch\u00fcler die Produktionsr\u00e4ume besichtigen und den Weg eines Fensters vom Ausgangsprofil bis zur Fertigstellung verfolgen. Die beiden Herren gaben sich viel M\u00fche und nahmen sich Zeit, die Fragen der Kinder altersgem\u00e4\u00df zu beantworten.<\/p>\n<p>Zu Fu\u00df traten die beiden Klassen dann den Heimweg \u00fcber Dalking, Trosterau und Warmleiten an. An diesem anstrengenden Tag hatten die Kinder viel Neues und Interessantes gelernt.<\/p>\n\n\t\t<style type=\"text\/css\">\n\t\t\t#gallery-1 {\n\t\t\t\tmargin: auto;\n\t\t\t}\n\t\t\t#gallery-1 .gallery-item {\n\t\t\t\tfloat: left;\n\t\t\t\tmargin-top: 10px;\n\t\t\t\ttext-align: center;\n\t\t\t\twidth: 50%;\n\t\t\t}\n\t\t\t#gallery-1 img {\n\t\t\t\tborder: 2px solid #cfcfcf;\n\t\t\t}\n\t\t\t#gallery-1 .gallery-caption {\n\t\t\t\tmargin-left: 0;\n\t\t\t}\n\t\t\t\/* see gallery_shortcode() in wp-includes\/media.php *\/\n\t\t<\/style>\n\t\t<div id='gallery-1' class='gallery galleryid-2031 gallery-columns-2 gallery-size-thumbnail'><dl class='gallery-item'>\n\t\t\t<dt class='gallery-icon landscape'>\n\t\t\t\t<a href='https:\/\/www.volksschule-arnschwang.de\/wp-content\/uploads\/DSC_0168.jpg'><img loading=\"lazy\" decoding=\"async\" width=\"150\" height=\"150\" src=\"https:\/\/www.volksschule-arnschwang.de\/wp-content\/uploads\/DSC_0168-150x150.jpg\" class=\"attachment-thumbnail size-thumbnail\" alt=\"\" \/><\/a>\n\t\t\t<\/dt><\/dl><dl class='gallery-item'>\n\t\t\t<dt class='gallery-icon landscape'>\n\t\t\t\t<a href='https:\/\/www.volksschule-arnschwang.de\/wp-content\/uploads\/DSC_0137.jpg'><img loading=\"lazy\" decoding=\"async\" width=\"150\" height=\"150\" src=\"https:\/\/www.volksschule-arnschwang.de\/wp-content\/uploads\/DSC_0137-150x150.jpg\" class=\"attachment-thumbnail size-thumbnail\" alt=\"\" \/><\/a>\n\t\t\t<\/dt><\/dl><br style=\"clear: both\" \/>\n\t\t<\/div>\n\n","protected":false},"excerpt":{"rendered":"<p>Im Rahmen des Projekts \u201eZeitung in der Schule\u201c waren die beiden vierten Klassen der Volksschule Arnschwang bei der Firma Braun in Weiding eingeladen. Schon bei der Ankunft wurden die Kinder von den beiden Chefs, Herrn Georg und Herrn Wolfgang Braun &hellip; <a href=\"https:\/\/www.volksschule-arnschwang.de\/?p=2031\">Weiterlesen <span class=\"meta-nav\">&rarr;<\/span><\/a><\/p>\n","protected":false},"author":1,"featured_media":0,"comment_status":"closed","ping_status":"closed","sticky":false,"template":"","format":"standard","meta":{"_crdt_document":"","footnotes":""},"categories":[34],"tags":[],"class_list":["post-2031","post","type-post","status-publish","format-standard","hentry","category-berichte"],"publishpress_future_action":{"enabled":false,"date":"2026-05-09 06:43:40","action":"Draft","newStatus":"draft","terms":[],"taxonomy":"category","extraData":[]},"publishpress_future_workflow_manual_trigger":{"enabledWorkflows":[]},"_links":{"self":[{"href":"https:\/\/www.volksschule-arnschwang.de\/index.php?rest_route=\/wp\/v2\/posts\/2031","targetHints":{"allow":["GET"]}}],"collection":[{"href":"https:\/\/www.volksschule-arnschwang.de\/index.php?rest_route=\/wp\/v2\/posts"}],"about":[{"href":"https:\/\/www.volksschule-arnschwang.de\/index.php?rest_route=\/wp\/v2\/types\/post"}],"author":[{"embeddable":true,"href":"https:\/\/www.volksschule-arnschwang.de\/index.php?rest_route=\/wp\/v2\/users\/1"}],"replies":[{"embeddable":true,"href":"https:\/\/www.volksschule-arnschwang.de\/index.php?rest_route=%2Fwp%2Fv2%2Fcomments&post=2031"}],"version-history":[{"count":4,"href":"https:\/\/www.volksschule-arnschwang.de\/index.php?rest_route=\/wp\/v2\/posts\/2031\/revisions"}],"predecessor-version":[{"id":2037,"href":"https:\/\/www.volksschule-arnschwang.de\/index.php?rest_route=\/wp\/v2\/posts\/2031\/revisions\/2037"}],"wp:attachment":[{"href":"https:\/\/www.volksschule-arnschwang.de\/index.php?rest_route=%2Fwp%2Fv2%2Fmedia&parent=2031"}],"wp:term":[{"taxonomy":"category","embeddable":true,"href":"https:\/\/www.volksschule-arnschwang.de\/index.php?rest_route=%2Fwp%2Fv2%2Fcategories&post=2031"},{"taxonomy":"post_tag","embeddable":true,"href":"https:\/\/www.volksschule-arnschwang.de\/index.php?rest_route=%2Fwp%2Fv2%2Ftags&post=2031"}],"curies":[{"name":"wp","href":"https:\/\/api.w.org\/{rel}","templated":true}]}}