{"id":1669,"date":"2010-12-25T13:55:00","date_gmt":"2010-12-25T12:55:00","guid":{"rendered":"http:\/\/www.volksschule-arnschwang.de\/?p=1669"},"modified":"2011-05-04T11:49:57","modified_gmt":"2011-05-04T10:49:57","slug":"schuler-der-grundschule-arnschwang-stimmten-auf-weihnachten-ein","status":"publish","type":"post","link":"https:\/\/www.volksschule-arnschwang.de\/?p=1669","title":{"rendered":"Sch\u00fcler der Grundschule Arnschwang stimmten  auf Weihnachten ein"},"content":{"rendered":"<p>Die Volksschule Arnschwang lud am  Dienstag zur  Schulweihnachtsfeier in die Mehrzweckhalle ein. Eine gro\u00dfe Zahl von Besuchern war gekommen. Mit hervorragend schauspielerischen und gesanglichen Leistungen begeisterten die Kinder die G\u00e4ste. Die Weihnachtsfeier wurde mit einer Geschichte vom Nikolaus der  AG Schulspiel unter der Leitung von Katja Stoiber  und mit verbindenden Liedern der Grundschulkinder unter der Leitung von Isabella Hartl eindrucksvoll gestaltet.<\/p>\n<p>Nach der musikalischen Begr\u00fc\u00dfung durch die Arnschwanger Sch\u00fcler mit dem Lied \u201eEin Licht geht auf und leuchtet\u201c konnte Schulleiter Hubert Lauerer neben Pfarrer Joseph Kata,   B\u00fcrgermeister Michael Multerer, Gemeinder\u00e4te, die ehemalige Rektorin Anna Maria Kiowski, den Vorsitzenden des Elternbeirats Martin Stoiber, den Elternbeirat,  weitere Ehreng\u00e4ste sowie eine gro\u00dfe Anzahl von Eltern und Gro\u00dfeltern  begr\u00fc\u00dfen. Besonders erfreut zeigte er sich, dass mehrere ehemalige Kollegen zur Feier gekommen waren.  Eine \u201evolle H\u00fctte\u201c zeige die Verbundenheit zur Grundschule Arnschwang.  Bei zahlreichen Helfern, angefangen von Schulopa Wenzel Peschik bis hin zum Bauhof bedankte er sich herzlich. Besonderen Dank richtete er noch an den Elternbeirat, durch dessen Spende ein neuer Beamer angeschafft werden konnte.<\/p>\n<p>Nach dem Gitarrenst\u00fcck \u201eMorgen kommt der Weihnachtsmann\u201c von Lukas Pl\u00f6tz und Lukas Weichs richtete B\u00fcrgermeister Michael Multerer Gru\u00dfworte an die Besucher. Besonders erfreut zeigte er sich \u00fcber die Anwesenheit von Rektorin a.D. Anna Maria Kiowski. Die Zusammenarbeit sei  ebenso reibungslos wie zuvor. Er bat zudem um Verst\u00e4ndnis, dass k\u00fcnftig f\u00fcr ein Jahr der Kindergarten in der Schule untergebracht werden m\u00fcsse. Den Besuchern w\u00fcnschte er ein frohes Weihnachtsfest und ein gesundes neues Jahr.<\/p>\n<p>An Pfarrer Joseph Kata, f\u00fcr die \u00dcbernahme einer Patenschaft eines indischen Kindes, und an Alois Schreiner, f\u00fcr die Missionsarbeit in Kilimahewa, \u00fcberreichte Rosi M\u00fchlbauer im Namen der Schule je zur H\u00e4lfte den stattlichen Erl\u00f6s, der beim Weihnachtsmarkt des LBV erzielt werden konnte.<\/p>\n<p>Im Anschluss boten die Kinder ein eindrucksvolles, abwechslungsreiches, vorweihnachtliches Programm. Dabei verdienen sowohl die schauspielerischen als auch die gesanglichen Leistungen der Kinder gro\u00dfe Anerkennung.<\/p>\n<p>Zu Beginn des Schulspiels wurde den Besuchern gesanglich der Unterschied zwischen Nikolaus und Weihnachtsmann mitgeteilt. Beim anschlie\u00dfenden Schulspiel, einer Geschichte vom Nikolaus nach Mia Lobe, passierte dem Nikolaus am Nikolaustag etwas F\u00fcrchterliches. Ein Luftzug wehte dem Nikolaus bei der Morgentoilette seine Bischofsm\u00fctze aus dem Fenster. Nachdem er den Hl. Antonius, der ihm beim Auffinden der M\u00fctze eine SMS schreiben solle, sowie der Hl. Franziskus nicht helfen konnte, fl\u00fcsterte ein Sch\u00e4fchen dem Nikolaus zu, dass die M\u00fctze auf die Erde gefallen sei. So begab sich der Nikolaus auf die Erde. Rentiere und Kinder halfen ihm bei der schwierigen Suche. So kam Bischof Nikolaus ohne seine M\u00fctze vergeblich nach Lappland, nach Indien, China und in die USA. Durch traditionelle Kopfbedeckungen dieser L\u00e4nder w\u00fcrden  er aber von den Kindern nicht erkannt werden. In Afrika schlie\u00dflich wurde er f\u00fcndig. Weberv\u00f6gel hatten in einem Busch mit seiner M\u00fctze ein Nest gebaut. Voller Freude konnte er schlie\u00dflich die Kinder beschenken.<\/p>\n<p>Mit dem gemeinsam gesungenen Weihnachtslied \u201eOh du fr\u00f6hliche\u201c begleitet von 2 Trompeten endete eine bemerkenswerte Weihnachtsfeier. Mit gro\u00dfem Applaus wurden die schauspielerischen und gesanglichen Leistungen der Sch\u00fclerinnen und Sch\u00fcler, allen voran Dominik M\u00fchlbauer, der den Nikolaus bravour\u00f6s spielte, vom Publikum belohnt. Den beiden Lehrerinnen Katja Stoiber und Isabella Hartl \u00fcberreichten Sch\u00fcler zum Dank f\u00fcr ihr gro\u00dfes Engagement je einen Blumenstock.<\/p>\n<p>Schulleiter Hubert Lauerer dankte abschlie\u00dfend f\u00fcr die beachtlichen Darbietungen. Allen Besuchern w\u00fcnschte er ein frohes Weihnachtsfest und lud die G\u00e4ste abschlie\u00dfend  in die Aula, wo der Elternbeirat  f\u00fcr beste Bewirtung sorgte.<\/p>\n<p><a href=\"http:\/\/www.volksschule-arnschwang.de\/wp-content\/uploads\/P1030739.jpg\"><img loading=\"lazy\" decoding=\"async\" class=\"alignnone size-medium wp-image-1671\" title=\"Weihnachtsfeier\" src=\"http:\/\/www.volksschule-arnschwang.de\/wp-content\/uploads\/P1030739-300x97.jpg\" alt=\"\" width=\"300\" height=\"97\" srcset=\"https:\/\/www.volksschule-arnschwang.de\/wp-content\/uploads\/P1030739-300x97.jpg 300w, https:\/\/www.volksschule-arnschwang.de\/wp-content\/uploads\/P1030739.jpg 800w\" sizes=\"auto, (max-width: 300px) 100vw, 300px\" \/><\/a><a href=\"http:\/\/www.volksschule-arnschwang.de\/wp-content\/uploads\/P1030749.jpg\"><img loading=\"lazy\" decoding=\"async\" class=\"alignnone size-medium wp-image-1672\" title=\"Weihnachtsfeier\" src=\"http:\/\/www.volksschule-arnschwang.de\/wp-content\/uploads\/P1030749-300x225.jpg\" alt=\"\" width=\"300\" height=\"225\" srcset=\"https:\/\/www.volksschule-arnschwang.de\/wp-content\/uploads\/P1030749-300x225.jpg 300w, https:\/\/www.volksschule-arnschwang.de\/wp-content\/uploads\/P1030749.jpg 800w\" sizes=\"auto, (max-width: 300px) 100vw, 300px\" \/><\/a><a href=\"http:\/\/www.volksschule-arnschwang.de\/wp-content\/uploads\/P1030751.jpg\"><img loading=\"lazy\" decoding=\"async\" class=\"alignnone size-medium wp-image-1673\" title=\"Weihnachtsfeier\" src=\"http:\/\/www.volksschule-arnschwang.de\/wp-content\/uploads\/P1030751-300x225.jpg\" alt=\"\" width=\"300\" height=\"225\" srcset=\"https:\/\/www.volksschule-arnschwang.de\/wp-content\/uploads\/P1030751-300x225.jpg 300w, https:\/\/www.volksschule-arnschwang.de\/wp-content\/uploads\/P1030751.jpg 800w\" sizes=\"auto, (max-width: 300px) 100vw, 300px\" \/><\/a><a href=\"http:\/\/www.volksschule-arnschwang.de\/wp-content\/uploads\/P1030758.jpg\"><img loading=\"lazy\" decoding=\"async\" class=\"alignnone size-medium wp-image-1674\" title=\"Weihnachtsfeier\" src=\"http:\/\/www.volksschule-arnschwang.de\/wp-content\/uploads\/P1030758-300x225.jpg\" alt=\"\" width=\"300\" height=\"225\" srcset=\"https:\/\/www.volksschule-arnschwang.de\/wp-content\/uploads\/P1030758-300x225.jpg 300w, https:\/\/www.volksschule-arnschwang.de\/wp-content\/uploads\/P1030758.jpg 800w\" sizes=\"auto, (max-width: 300px) 100vw, 300px\" \/><\/a><a href=\"http:\/\/www.volksschule-arnschwang.de\/wp-content\/uploads\/P1030759.jpg\"><img loading=\"lazy\" decoding=\"async\" class=\"alignnone size-medium wp-image-1675\" title=\"Weihnachtsfeier\" src=\"http:\/\/www.volksschule-arnschwang.de\/wp-content\/uploads\/P1030759-300x214.jpg\" alt=\"\" width=\"300\" height=\"214\" srcset=\"https:\/\/www.volksschule-arnschwang.de\/wp-content\/uploads\/P1030759-300x214.jpg 300w, https:\/\/www.volksschule-arnschwang.de\/wp-content\/uploads\/P1030759.jpg 800w\" sizes=\"auto, (max-width: 300px) 100vw, 300px\" \/><\/a><a href=\"http:\/\/www.volksschule-arnschwang.de\/wp-content\/uploads\/P1030767.jpg\"><img loading=\"lazy\" decoding=\"async\" class=\"alignnone size-medium wp-image-1676\" title=\"Weihnachtsfeier\" src=\"http:\/\/www.volksschule-arnschwang.de\/wp-content\/uploads\/P1030767-300x196.jpg\" alt=\"\" width=\"300\" height=\"196\" srcset=\"https:\/\/www.volksschule-arnschwang.de\/wp-content\/uploads\/P1030767-300x196.jpg 300w, https:\/\/www.volksschule-arnschwang.de\/wp-content\/uploads\/P1030767.jpg 800w\" sizes=\"auto, (max-width: 300px) 100vw, 300px\" \/><\/a><\/p>\n","protected":false},"excerpt":{"rendered":"<p>Beeindruckende Weihnachtsfeier der Volksschule <a href=\"https:\/\/www.volksschule-arnschwang.de\/?p=1669\">Weiterlesen <span class=\"meta-nav\">&rarr;<\/span><\/a><\/p>\n","protected":false},"author":1,"featured_media":0,"comment_status":"closed","ping_status":"closed","sticky":false,"template":"","format":"standard","meta":{"_crdt_document":"","footnotes":""},"categories":[34],"tags":[],"class_list":["post-1669","post","type-post","status-publish","format-standard","hentry","category-berichte"],"publishpress_future_action":{"enabled":false,"date":"2026-05-07 11:54:00","action":"Draft","newStatus":"draft","terms":[],"taxonomy":"category","extraData":[]},"publishpress_future_workflow_manual_trigger":{"enabledWorkflows":[]},"_links":{"self":[{"href":"https:\/\/www.volksschule-arnschwang.de\/index.php?rest_route=\/wp\/v2\/posts\/1669","targetHints":{"allow":["GET"]}}],"collection":[{"href":"https:\/\/www.volksschule-arnschwang.de\/index.php?rest_route=\/wp\/v2\/posts"}],"about":[{"href":"https:\/\/www.volksschule-arnschwang.de\/index.php?rest_route=\/wp\/v2\/types\/post"}],"author":[{"embeddable":true,"href":"https:\/\/www.volksschule-arnschwang.de\/index.php?rest_route=\/wp\/v2\/users\/1"}],"replies":[{"embeddable":true,"href":"https:\/\/www.volksschule-arnschwang.de\/index.php?rest_route=%2Fwp%2Fv2%2Fcomments&post=1669"}],"version-history":[{"count":5,"href":"https:\/\/www.volksschule-arnschwang.de\/index.php?rest_route=\/wp\/v2\/posts\/1669\/revisions"}],"predecessor-version":[{"id":1679,"href":"https:\/\/www.volksschule-arnschwang.de\/index.php?rest_route=\/wp\/v2\/posts\/1669\/revisions\/1679"}],"wp:attachment":[{"href":"https:\/\/www.volksschule-arnschwang.de\/index.php?rest_route=%2Fwp%2Fv2%2Fmedia&parent=1669"}],"wp:term":[{"taxonomy":"category","embeddable":true,"href":"https:\/\/www.volksschule-arnschwang.de\/index.php?rest_route=%2Fwp%2Fv2%2Fcategories&post=1669"},{"taxonomy":"post_tag","embeddable":true,"href":"https:\/\/www.volksschule-arnschwang.de\/index.php?rest_route=%2Fwp%2Fv2%2Ftags&post=1669"}],"curies":[{"name":"wp","href":"https:\/\/api.w.org\/{rel}","templated":true}]}}