{"id":1661,"date":"2010-12-23T09:06:29","date_gmt":"2010-12-23T08:06:29","guid":{"rendered":"http:\/\/www.volksschule-arnschwang.de\/?p=1661"},"modified":"2011-05-04T11:50:19","modified_gmt":"2011-05-04T10:50:19","slug":"ehrung-fur-die-besten-sportler","status":"publish","type":"post","link":"https:\/\/www.volksschule-arnschwang.de\/?p=1661","title":{"rendered":"Ehrung f\u00fcr die besten Sportler"},"content":{"rendered":"<div id=\"attachment_1663\" style=\"width: 310px\" class=\"wp-caption alignright\"><a href=\"http:\/\/www.volksschule-arnschwang.de\/wp-content\/uploads\/100_9513.jpg\"><img loading=\"lazy\" decoding=\"async\" aria-describedby=\"caption-attachment-1663\" class=\"size-medium wp-image-1663\" title=\"Erfolgreichen Sportler mit der Sportbeauftragten der Schule Rosi M\u00fchlbauer\" src=\"http:\/\/www.volksschule-arnschwang.de\/wp-content\/uploads\/100_9513-300x225.jpg\" alt=\"Erfolgreichen Sportler mit der Sportbeauftragten der Schule Rosi M\u00fchlbauer\" width=\"300\" height=\"225\" srcset=\"https:\/\/www.volksschule-arnschwang.de\/wp-content\/uploads\/100_9513-300x225.jpg 300w, https:\/\/www.volksschule-arnschwang.de\/wp-content\/uploads\/100_9513.jpg 800w\" sizes=\"auto, (max-width: 300px) 100vw, 300px\" \/><\/a><p id=\"caption-attachment-1663\" class=\"wp-caption-text\">Erfolgreichen Sportler mit der Sportbeauftragten der Schule Rosi M\u00fchlbauer<\/p><\/div>\n<p>An der Volksschule Arnschwang wurde kurz vor Weihnachten noch eine Sportlerehrung durchgef\u00fchrt. Bei den Bundesjugendspielen im Sommer wurden keine Ehrenurkunden ausgegeben, da der damalige Bundespr\u00e4sident K\u00f6hler zur\u00fcckgetreten war und erst neue Urkunden mit der Unterschrift von Christian Wulff bestellt werden mussten. Am letzten Schultag vor Weihnachten \u00fcberreichten Schulleiter Hubert Lauerer und die Sportbeauftragte Rosi M\u00fchlbauer die Urkunden an die besten Sportler. Eine Ehrenurkunde erhielten: Celina-Marie Fink, Laura Treml, Julia Schreiner, Melina Kolbeck, Clara Faulstich, Katja Heitzer, Christoph M\u00fcller, Johannes Kuchler, Nikolas Wutz, Korbinian Bachl, Sebastian S\u00f6ldner, Michael Steger, Michael Kaiser, Paul Golleck und Timo Burkhard.<\/p>\n","protected":false},"excerpt":{"rendered":"<p>An der Volksschule Arnschwang wurde kurz vor Weihnachten noch eine Sportlerehrung durchgef\u00fchrt. Bei den Bundesjugendspielen im Sommer wurden keine Ehrenurkunden ausgegeben, da der damalige Bundespr\u00e4sident K\u00f6hler zur\u00fcckgetreten war und erst neue Urkunden mit der Unterschrift von Christian Wulff bestellt werden &hellip; <a href=\"https:\/\/www.volksschule-arnschwang.de\/?p=1661\">Weiterlesen <span class=\"meta-nav\">&rarr;<\/span><\/a><\/p>\n","protected":false},"author":1,"featured_media":0,"comment_status":"closed","ping_status":"closed","sticky":false,"template":"","format":"standard","meta":{"_crdt_document":"","footnotes":""},"categories":[34],"tags":[27],"class_list":["post-1661","post","type-post","status-publish","format-standard","hentry","category-berichte","tag-sport"],"publishpress_future_action":{"enabled":false,"date":"2026-05-07 10:58:03","action":"Draft","newStatus":"draft","terms":[],"taxonomy":"category","extraData":[]},"publishpress_future_workflow_manual_trigger":{"enabledWorkflows":[]},"_links":{"self":[{"href":"https:\/\/www.volksschule-arnschwang.de\/index.php?rest_route=\/wp\/v2\/posts\/1661","targetHints":{"allow":["GET"]}}],"collection":[{"href":"https:\/\/www.volksschule-arnschwang.de\/index.php?rest_route=\/wp\/v2\/posts"}],"about":[{"href":"https:\/\/www.volksschule-arnschwang.de\/index.php?rest_route=\/wp\/v2\/types\/post"}],"author":[{"embeddable":true,"href":"https:\/\/www.volksschule-arnschwang.de\/index.php?rest_route=\/wp\/v2\/users\/1"}],"replies":[{"embeddable":true,"href":"https:\/\/www.volksschule-arnschwang.de\/index.php?rest_route=%2Fwp%2Fv2%2Fcomments&post=1661"}],"version-history":[{"count":8,"href":"https:\/\/www.volksschule-arnschwang.de\/index.php?rest_route=\/wp\/v2\/posts\/1661\/revisions"}],"predecessor-version":[{"id":1997,"href":"https:\/\/www.volksschule-arnschwang.de\/index.php?rest_route=\/wp\/v2\/posts\/1661\/revisions\/1997"}],"wp:attachment":[{"href":"https:\/\/www.volksschule-arnschwang.de\/index.php?rest_route=%2Fwp%2Fv2%2Fmedia&parent=1661"}],"wp:term":[{"taxonomy":"category","embeddable":true,"href":"https:\/\/www.volksschule-arnschwang.de\/index.php?rest_route=%2Fwp%2Fv2%2Fcategories&post=1661"},{"taxonomy":"post_tag","embeddable":true,"href":"https:\/\/www.volksschule-arnschwang.de\/index.php?rest_route=%2Fwp%2Fv2%2Ftags&post=1661"}],"curies":[{"name":"wp","href":"https:\/\/api.w.org\/{rel}","templated":true}]}}